{"id":41335,"date":"2022-09-13T09:00:16","date_gmt":"2022-09-13T12:00:16","guid":{"rendered":"http:\/\/www.sincomam.org.br\/?p=41335"},"modified":"2022-09-13T09:00:16","modified_gmt":"2022-09-13T12:00:16","slug":"navio-escola-brasil-participa-de-eventos-alusivos-ao-bicentenario-da-independencia-em-lisboa","status":"publish","type":"post","link":"https:\/\/www.sincomam.org.br\/index.php\/navio-escola-brasil-participa-de-eventos-alusivos-ao-bicentenario-da-independencia-em-lisboa\/","title":{"rendered":"Navio-Escola \u201dBrasil\u201d participa de eventos alusivos ao Bicenten\u00e1rio da Independ\u00eancia, em Lisboa"},"content":{"rendered":"<p>Como parte das comemora\u00e7\u00f5es do Bicenten\u00e1rio da Independ\u00eancia, o Navio-Escola (NE) \u201cBrasil\u201d realizou, em Lisboa, na manh\u00e3 do dia 7 de setembro, uma cerim\u00f4nia c\u00edvico-militar, presidida pelo Encarregado de Neg\u00f3cios da Embaixada do Brasil em Portugal, Ministro Conselheiro Jo\u00e3o Paulo Ortega Terra. A solenidade contou, ainda, com as presen\u00e7as do Presidente da C\u00e2mara Municipal de Lisboa, Carlos Manuel F\u00e9lix Moedas, de embaixadores de diversos pa\u00edses com os quais o Brasil tem s\u00f3lidas rela\u00e7\u00f5es diplom\u00e1ticas, membros do governo portugu\u00eas, oficiais do Alto Comando das For\u00e7as Armadas portuguesas, adidos brasileiros, autoridades locais e demais convidados.<\/p>\n<p>O NE \u201cBrasil\u201d chegou \u00e0 capital de Portugal no dia 5 de setembro, por ocasi\u00e3o da XXXVI Viagem de Instru\u00e7\u00e3o de Guardas-Marinha (VIGM). Durante a estadia no porto de Lisboa, os GM da turma Capit\u00e3o de Fragata \u201cLu\u00eds Barroso Pereira\u201d visitaram a Escola Naval, o Museu de Marinha e o Mosteiro dos Jer\u00f4nimos, em cumprimento ao programa de atividades extracurriculares.<\/p>\n<p>Os GM tamb\u00e9m compuseram, ao lado de integrantes da Escola Naval, uma guarda de honra na cerim\u00f4nia em homenagem aos navegadores portugueses, junto ao t\u00famulo de Vasco da Gama, no mosteiro dos Jer\u00f4nimos. O ato fez parte das celebra\u00e7\u00f5es do Bicenten\u00e1rio da Independ\u00eancia do Brasil e dos 240 anos da cria\u00e7\u00e3o da Companhia Real de Guardas-Marinha.<\/p>\n<p>Fonte: Defesa em Foco<\/p>\n","protected":false},"excerpt":{"rendered":"<p>Como parte das comemora\u00e7\u00f5es do Bicenten\u00e1rio da Independ\u00eancia, o Navio-Escola (NE) \u201cBrasil\u201d realizou, em Lisboa, na manh\u00e3 do dia 7 de setembro, uma cerim\u00f4nia c\u00edvico-militar,&#8230;<\/p>\n","protected":false},"author":1527,"featured_media":41336,"comment_status":"closed","ping_status":"closed","sticky":false,"template":"","format":"standard","meta":{"footnotes":""},"categories":[6],"tags":[],"class_list":["post-41335","post","type-post","status-publish","format-standard","has-post-thumbnail","hentry","category-noticias"],"_links":{"self":[{"href":"https:\/\/www.sincomam.org.br\/index.php\/wp-json\/wp\/v2\/posts\/41335","targetHints":{"allow":["GET"]}}],"collection":[{"href":"https:\/\/www.sincomam.org.br\/index.php\/wp-json\/wp\/v2\/posts"}],"about":[{"href":"https:\/\/www.sincomam.org.br\/index.php\/wp-json\/wp\/v2\/types\/post"}],"author":[{"embeddable":true,"href":"https:\/\/www.sincomam.org.br\/index.php\/wp-json\/wp\/v2\/users\/1527"}],"replies":[{"embeddable":true,"href":"https:\/\/www.sincomam.org.br\/index.php\/wp-json\/wp\/v2\/comments?post=41335"}],"version-history":[{"count":1,"href":"https:\/\/www.sincomam.org.br\/index.php\/wp-json\/wp\/v2\/posts\/41335\/revisions"}],"predecessor-version":[{"id":41337,"href":"https:\/\/www.sincomam.org.br\/index.php\/wp-json\/wp\/v2\/posts\/41335\/revisions\/41337"}],"wp:featuredmedia":[{"embeddable":true,"href":"https:\/\/www.sincomam.org.br\/index.php\/wp-json\/wp\/v2\/media\/41336"}],"wp:attachment":[{"href":"https:\/\/www.sincomam.org.br\/index.php\/wp-json\/wp\/v2\/media?parent=41335"}],"wp:term":[{"taxonomy":"category","embeddable":true,"href":"https:\/\/www.sincomam.org.br\/index.php\/wp-json\/wp\/v2\/categories?post=41335"},{"taxonomy":"post_tag","embeddable":true,"href":"https:\/\/www.sincomam.org.br\/index.php\/wp-json\/wp\/v2\/tags?post=41335"}],"curies":[{"name":"wp","href":"https:\/\/api.w.org\/{rel}","templated":true}]}}