{"id":41311,"date":"2022-09-12T08:58:38","date_gmt":"2022-09-12T11:58:38","guid":{"rendered":"http:\/\/www.sincomam.org.br\/?p=41311"},"modified":"2022-09-12T08:58:38","modified_gmt":"2022-09-12T11:58:38","slug":"webinar-da-antaq-promove-debate-sobre-embarcacoes-de-bandeira-brasileira-na-cabotagem","status":"publish","type":"post","link":"https:\/\/www.sincomam.org.br\/index.php\/webinar-da-antaq-promove-debate-sobre-embarcacoes-de-bandeira-brasileira-na-cabotagem\/","title":{"rendered":"Webinar da ANTAQ promove debate sobre embarca\u00e7\u00f5es de bandeira brasileira na cabotagem"},"content":{"rendered":"<p>A Ag\u00eancia Nacional de Transportes Aquavi\u00e1rios (ANTAQ) realizar\u00e1, no dia 13 de setembro, o webinar \u201cA Utiliza\u00e7\u00e3o de Embarca\u00e7\u00f5es de Bandeira Brasileira na Cabotagem\u201d. O diretor-geral, Eduardo Nery, e o diretor substituto, Jos\u00e9 Renato Fialho, far\u00e3o a abertura do evento. O encontro ocorrer\u00e1 das 14h30 \u00e0s 16h e n\u00e3o h\u00e1 necessidade de realizar inscri\u00e7\u00e3o. Para acompanhar, clique\u00a0<strong><a class=\"external-link\" title=\"\" href=\"https:\/\/bit.ly\/3CXc6UO\" target=\"_blank\" rel=\"noopener\" data-tippreview-enabled=\"false\" data-tippreview-image=\"\" data-tippreview-title=\"\">aqui<\/a><\/strong>.<\/p>\n<p>Nessa pr\u00f3xima vers\u00e3o do Webinar, especialistas apresentar\u00e3o um estudo realizado com o panorama atual das cargas conduzidas na cabotagem brasileira &#8211; bem como a participa\u00e7\u00e3o das embarca\u00e7\u00f5es nacionais para cada um dos perfis dos carregamentos transportados nessa modalidade: granel s\u00f3lido, granel l\u00edquido, carga geral e carga conteinerizada. A iniciativa visa ampliar o conhecimento sobre o setor aquavi\u00e1rio, cujo trabalho foi desenvolvido a fim de criar um \u00edndice de participa\u00e7\u00e3o das embarca\u00e7\u00f5es de bandeira brasileira na cabotagem por perfil de carga.<\/p>\n<p>Esse c\u00e1lculo traz a quantidade de toneladas transportadas por embarca\u00e7\u00f5es nacionais por meio da cabotagem, dividida ao total de cargas desembarcadas nos terminais portu\u00e1rios nesse tipo de navega\u00e7\u00e3o durante o mesmo per\u00edodo. Al\u00e9m disso, o participante do Webinar poder\u00e1 conferir que o valor dos fretes na cabotagem tamb\u00e9m foi objeto de estudo. Para tanto, foram selecionadas rotas de destaque para os principais tipos de mercadoria e considerada a bandeira das embarca\u00e7\u00f5es utilizadas no transporte &#8211; se brasileira ou estrangeira.<\/p>\n<p><strong>Debates<\/strong><\/p>\n<p>Na ocasi\u00e3o, haver\u00e1 um debate sobre os principais resultados do estudo com a participa\u00e7\u00e3o de representantes da Ag\u00eancia, da Diretoria de Navega\u00e7\u00e3o e Hidrovias do Minist\u00e9rio da Infraestrutura e da Associa\u00e7\u00e3o Brasileira dos Armadores de Cabotagem (Abac).<\/p>\n<p><strong>Servi\u00e7o<\/strong><\/p>\n<p><strong>Webinar:<\/strong>\u00a0A Utiliza\u00e7\u00e3o de Embarca\u00e7\u00e3o de Bandeira Brasileira na Cabotagem<br \/>\n<strong>Data<\/strong>: 13 de setembro de 2022<br \/>\n<strong>Hor\u00e1rio<\/strong>: 14h30 \u00e0s 16h<br \/>\n<strong>Link<\/strong>:\u00a0<a class=\"external-link\" title=\"\" href=\"https:\/\/bit.ly\/3CXc6UO\" target=\"_blank\" rel=\"noopener\" data-tippreview-enabled=\"false\" data-tippreview-image=\"\" data-tippreview-title=\"\">https:\/\/bit.ly\/3CXc6UO<\/a><\/p>\n<p>Fonte:\u00a0 ANTAQ<\/p>\n","protected":false},"excerpt":{"rendered":"<p>A Ag\u00eancia Nacional de Transportes Aquavi\u00e1rios (ANTAQ) realizar\u00e1, no dia 13 de setembro, o webinar \u201cA Utiliza\u00e7\u00e3o de Embarca\u00e7\u00f5es de Bandeira Brasileira na Cabotagem\u201d. O&#8230;<\/p>\n","protected":false},"author":1527,"featured_media":20206,"comment_status":"closed","ping_status":"closed","sticky":false,"template":"","format":"standard","meta":{"footnotes":""},"categories":[6],"tags":[],"class_list":["post-41311","post","type-post","status-publish","format-standard","has-post-thumbnail","hentry","category-noticias"],"_links":{"self":[{"href":"https:\/\/www.sincomam.org.br\/index.php\/wp-json\/wp\/v2\/posts\/41311","targetHints":{"allow":["GET"]}}],"collection":[{"href":"https:\/\/www.sincomam.org.br\/index.php\/wp-json\/wp\/v2\/posts"}],"about":[{"href":"https:\/\/www.sincomam.org.br\/index.php\/wp-json\/wp\/v2\/types\/post"}],"author":[{"embeddable":true,"href":"https:\/\/www.sincomam.org.br\/index.php\/wp-json\/wp\/v2\/users\/1527"}],"replies":[{"embeddable":true,"href":"https:\/\/www.sincomam.org.br\/index.php\/wp-json\/wp\/v2\/comments?post=41311"}],"version-history":[{"count":1,"href":"https:\/\/www.sincomam.org.br\/index.php\/wp-json\/wp\/v2\/posts\/41311\/revisions"}],"predecessor-version":[{"id":41312,"href":"https:\/\/www.sincomam.org.br\/index.php\/wp-json\/wp\/v2\/posts\/41311\/revisions\/41312"}],"wp:featuredmedia":[{"embeddable":true,"href":"https:\/\/www.sincomam.org.br\/index.php\/wp-json\/wp\/v2\/media\/20206"}],"wp:attachment":[{"href":"https:\/\/www.sincomam.org.br\/index.php\/wp-json\/wp\/v2\/media?parent=41311"}],"wp:term":[{"taxonomy":"category","embeddable":true,"href":"https:\/\/www.sincomam.org.br\/index.php\/wp-json\/wp\/v2\/categories?post=41311"},{"taxonomy":"post_tag","embeddable":true,"href":"https:\/\/www.sincomam.org.br\/index.php\/wp-json\/wp\/v2\/tags?post=41311"}],"curies":[{"name":"wp","href":"https:\/\/api.w.org\/{rel}","templated":true}]}}