{"id":41305,"date":"2022-09-12T08:53:43","date_gmt":"2022-09-12T11:53:43","guid":{"rendered":"http:\/\/www.sincomam.org.br\/?p=41305"},"modified":"2022-09-12T08:53:43","modified_gmt":"2022-09-12T11:53:43","slug":"tradicional-evento-naval-reune-navios-da-marinha-do-brasil-e-de-marinhas-estrangeiras-no-rio-de-janeiro","status":"publish","type":"post","link":"https:\/\/www.sincomam.org.br\/index.php\/tradicional-evento-naval-reune-navios-da-marinha-do-brasil-e-de-marinhas-estrangeiras-no-rio-de-janeiro\/","title":{"rendered":"Tradicional evento naval re\u00fane navios da Marinha do Brasil e de Marinhas estrangeiras no Rio de Janeiro"},"content":{"rendered":"<p class=\"rtejustify\">Assim como a Parada Naval e Aeronaval, que aconteceu no dia 7 de setembro na orla da cidade do Rio de Janeiro (RJ), a Revista Naval, realizada hoje (10), tamb\u00e9m \u00e9 um evento tradicional. Ela enriquece e estreita os la\u00e7os de amizade entre a Marinha do Brasil (MB) e as Marinhas amigas participantes, trazendo um significado muito importante nas comemora\u00e7\u00f5es pelos 200 anos da Independ\u00eancia do Brasil e 200 anos da Esquadra Brasileira.<\/p>\n<p class=\"rtejustify\">Sobre os eventos comemorativos, o Comandante da Marinha, Almirante de Esquadra Almir Garnier Santos ressaltou ontem, em seu discurso para os Comandantes das Marinhas amigas, que \u201ca partir de seu batismo de fogo, na Guerra da Independ\u00eancia, a Marinha do Brasil atuou decisivamente em diversos epis\u00f3dios ao longo desses 200 anos de hist\u00f3ria, cujo legado \u00e9 uma Na\u00e7\u00e3o livre, soberana e unida em uma s\u00f3 l\u00edngua e uma mesma cultura\u201d.<\/p>\n<p class=\"rtejustify\">O Comandante da Marinha destacou, ainda, que o Brasil n\u00e3o possui quest\u00f5es contenciosas com seus vizinhos ou com qualquer outra na\u00e7\u00e3o do mundo, que zela pela defesa da paz, pela autodetermina\u00e7\u00e3o dos povos, pela igualdade entre os Estados e pela solu\u00e7\u00e3o pac\u00edfica de conflitos, sendo estes alguns dos princ\u00edpios fundamentais consagrados em nossa Constitui\u00e7\u00e3o. \u201c\u00c9 esta Na\u00e7\u00e3o que testemunha neste momento o encontro de diversas marinhas e guardas costeiras das mais variadas regi\u00f5es do mundo. Hoje, mais do que nunca, podemos vivenciar esse confortante sentimento de amizade e uni\u00e3o que me fazem ter, ainda mais, f\u00e9 no potencial das nossas Marinhas como instrumentos de promo\u00e7\u00e3o da coopera\u00e7\u00e3o entre as na\u00e7\u00f5es, em prol da paz, da seguran\u00e7a e da prosperidade de todos\u201d, concluiu.<\/p>\n<p class=\"rtejustify\"><strong>Revista Naval<\/strong><br \/>\nVinte e tr\u00eas navios participaram da Revista Naval, na Ba\u00eda de Guanabara, sendo onze brasileiros e doze estrangeiros. Os navios, alinhados em formatura de duas colunas, foram passados em revista pelo Presidente da Rep\u00fablica, que estava embarcado no Navio-Patrulha Oce\u00e2nico \u201cApa\u201d. Seguindo uma tradi\u00e7\u00e3o naval, as tripula\u00e7\u00f5es dos navios fizeram sete \u201cvivas\u201d ao Presidente, que consistem em uma forma de contin\u00eancia e sauda\u00e7\u00e3o \u00e0 autoridade que se aproxima dos navios. Al\u00e9m disso, tr\u00eas ca\u00e7as AF-1 e uma aeronave UH-15 \u201cSuper Cougar\u201d com a bandeira nacional sobrevoaram a formatura. Ao final, houve uma salva de 21 tiros.<\/p>\n<p class=\"rtejustify\">\u201cEste evento tem especial import\u00e2ncia, pois remonta aspectos hist\u00f3ricos e patri\u00f3ticos para a sociedade brasileira, al\u00e9m de estreitar os la\u00e7os que unem as Marinhas. Em 1922, por ocasi\u00e3o das celebra\u00e7\u00f5es dos 100 anos da Independ\u00eancia, ocorreu a Revista Naval que contou com navios das Marinhas da Argentina, Estados Unidos, Jap\u00e3o, Portugal e do Reino Unido\u201d, disse o Comandante da 2\u00aa Divis\u00e3o da Esquadra, Contra-Almirante Andr\u00e9 Luiz Andrade Felix.<\/p>\n<p class=\"rtejustify\">Na coletiva \u00e0 Imprensa realizada hoje, o Comandante da Marinha destacou que \u201cesse evento demonstra o bom relacionamento e a import\u00e2ncia que o Brasil possui perante as outras na\u00e7\u00f5es do mundo. E a Marinha do Brasil tem um papel muito importante nessa diplomacia, chamada de diplomacia naval\u201d. Sobre a Revista Naval, ele explicou que \u201c\u00e9 um ato de defer\u00eancia dos navios amigos para uma autoridade importante de um Pa\u00eds. Em geral se faz isso para o Presidente da Rep\u00fablica. Em 1922, por exemplo, o Presidente Epit\u00e1cio Pessoa esteve a bordo do Cruzador \u2018Barroso\u2019\u201d.<\/p>\n<p class=\"rtejustify\">Al\u00e9m do Navio-Patrulha Oce\u00e2nico \u201cApa\u201d, dos tr\u00eas ca\u00e7as AF-1 e da aeronave UH-15, os navios e meios da MB que participaram da Revista Naval foram: Navio-Aer\u00f3dromo Multiprop\u00f3sito\u00a0 \u201cAtl\u00e2ntico\u201d; Navio-Doca Multiprop\u00f3sito \u201cBahia\u201d; Navio de Desembarque de Carros de Combate \u201cAlmirante Saboia\u201d; Navio-Veleiro \u201cCisne Branco\u201d; Fragata \u201cLiberal\u201d; Fragata \u201cUni\u00e3o\u201d; Navio Hidroceanogr\u00e1fico \u201cCruzeiro do Sul\u201d; Navio Oceanogr\u00e1fico \u201cAntares\u201d; Navio-Patrulha \u201cMaracan\u00e3\u201d; e Submarino \u201cRiachuelo\u201d.<\/p>\n<p class=\"rtejustify\">J\u00e1 os navios das Marinhas amigas que participaram foram: Navio-Patrulha Oce\u00e2nico Polivalente ARA \u201cPiedrabuena\u201d e ARA \u201cLibertad\u201d, da Marinha Argentina; Navios-Patrulha (CNS) \u201cLe Ntem\u201d e \u201cLasanaga\u201d, da Marinha de Camar\u00f5es; Fragata FF-19 \u201cAlmirante Williams\u201d, da Marinha do Chile; Navio de Transporte Anf\u00edbio USS \u201cMesa Verde\u201d LPD-19 (Classe San Antonio) e Navio Destroyer USS \u201cLassen\u201d, da Marinha dos Estados Unidos; Navio-Patrulha Oce\u00e2nico HMS \u201cForth\u201d, da Marinha Real Brit\u00e2nica; Navio Multiprop\u00f3sito ARM \u201cLibertador\u201d, da Marinha do M\u00e9xico; Navio Multiprop\u00f3sito \u201cElephant\u201d, da Marinha da Nam\u00edbia; Navio-Escola da Armada Portuguesa N.R.P. \u201cSagres\u201d; e Navio de Salvamento e Pesquisa \u201cVanguardia\u201d, da Marinha do Uruguai.<\/p>\n<p class=\"rtejustify\"><strong>UNITAS LXIII<\/strong><br \/>\nO Comandante em Chefe da Esquadra, Vice-Almirante Arthur Fernando Bettega Corr\u00eaa afirmou que, ap\u00f3s a Revista Naval, os navios j\u00e1 se deslocar\u00e3o para a fase de mar para a realiza\u00e7\u00e3o da opera\u00e7\u00e3o UNITAS, que tem duas fases. \u201cA fase de porto se encerrou ontem e agora iniciaremos a fase de mar, que ocorrer\u00e1 por cerca de dez dias com adestramentos de opera\u00e7\u00f5es navais, seguran\u00e7a mar\u00edtima, busca e salvamento, entre outros, promovendo a interoperabilidade entre todas as marinhas que est\u00e3o participando\u201d.<\/p>\n<p class=\"rtejustify\">Sobre a UNITAS, o Secret\u00e1rio da Marinha dos Estados Unidos, Carlos Del Toro destacou, durante a cerim\u00f4nia de abertura realizada ontem, que \u00e9 um privil\u00e9gio ver as fortes parcerias entre as na\u00e7\u00f5es participantes do exerc\u00edcio. \u201cNossos marinheiros e fuzileiros navais t\u00eam orgulho de servir com homens e mulheres que vestem as roupas de suas na\u00e7\u00f5es. Estamos comprometidos em ficar lado a lado para defender rotas mar\u00edtimas, proteger nossos territ\u00f3rios soberanos e impedir poss\u00edveis agress\u00f5es\u201d.<\/p>\n<p>Fonte: Marinha do Brasil<\/p>\n","protected":false},"excerpt":{"rendered":"<p>Assim como a Parada Naval e Aeronaval, que aconteceu no dia 7 de setembro na orla da cidade do Rio de Janeiro (RJ), a Revista&#8230;<\/p>\n","protected":false},"author":1527,"featured_media":41306,"comment_status":"closed","ping_status":"closed","sticky":false,"template":"","format":"standard","meta":{"footnotes":""},"categories":[6],"tags":[],"class_list":["post-41305","post","type-post","status-publish","format-standard","has-post-thumbnail","hentry","category-noticias"],"_links":{"self":[{"href":"https:\/\/www.sincomam.org.br\/index.php\/wp-json\/wp\/v2\/posts\/41305","targetHints":{"allow":["GET"]}}],"collection":[{"href":"https:\/\/www.sincomam.org.br\/index.php\/wp-json\/wp\/v2\/posts"}],"about":[{"href":"https:\/\/www.sincomam.org.br\/index.php\/wp-json\/wp\/v2\/types\/post"}],"author":[{"embeddable":true,"href":"https:\/\/www.sincomam.org.br\/index.php\/wp-json\/wp\/v2\/users\/1527"}],"replies":[{"embeddable":true,"href":"https:\/\/www.sincomam.org.br\/index.php\/wp-json\/wp\/v2\/comments?post=41305"}],"version-history":[{"count":1,"href":"https:\/\/www.sincomam.org.br\/index.php\/wp-json\/wp\/v2\/posts\/41305\/revisions"}],"predecessor-version":[{"id":41307,"href":"https:\/\/www.sincomam.org.br\/index.php\/wp-json\/wp\/v2\/posts\/41305\/revisions\/41307"}],"wp:featuredmedia":[{"embeddable":true,"href":"https:\/\/www.sincomam.org.br\/index.php\/wp-json\/wp\/v2\/media\/41306"}],"wp:attachment":[{"href":"https:\/\/www.sincomam.org.br\/index.php\/wp-json\/wp\/v2\/media?parent=41305"}],"wp:term":[{"taxonomy":"category","embeddable":true,"href":"https:\/\/www.sincomam.org.br\/index.php\/wp-json\/wp\/v2\/categories?post=41305"},{"taxonomy":"post_tag","embeddable":true,"href":"https:\/\/www.sincomam.org.br\/index.php\/wp-json\/wp\/v2\/tags?post=41305"}],"curies":[{"name":"wp","href":"https:\/\/api.w.org\/{rel}","templated":true}]}}