{"id":41278,"date":"2022-09-09T02:24:19","date_gmt":"2022-09-09T05:24:19","guid":{"rendered":"http:\/\/www.sincomam.org.br\/?p=41278"},"modified":"2022-09-09T02:25:02","modified_gmt":"2022-09-09T05:25:02","slug":"embarcacao-naufraga-e-deixa-11-mortos-e-8-desaparecidos-em-belem-pa","status":"publish","type":"post","link":"https:\/\/www.sincomam.org.br\/index.php\/embarcacao-naufraga-e-deixa-11-mortos-e-8-desaparecidos-em-belem-pa\/","title":{"rendered":"Embarca\u00e7\u00e3o naufraga e deixa 11 mortos e 8 desaparecidos em Bel\u00e9m (PA)"},"content":{"rendered":"<p>Uma embarca\u00e7\u00e3o naufragou na manh\u00e3 de 5\u00aa feira (8.set), pr\u00f3ximo \u00e0 ilha de Cotijuba, na regi\u00e3o de Bel\u00e9m (PA), deixando, ao menos, 11 mortos e 8 desaparecidos. Outras 63 pessoas foram resgatadas com vida. As causas do naufr\u00e1gio ainda n\u00e3o foram divulgadas.<\/p>\n<p>A trag\u00e9dia, segundo testemunhas, ocorreu duas horas depois do barco zarpar da ilha de Maraj\u00f3, \u00e0s 6h da manh\u00e3, quando come\u00e7ou a entrar \u00e1gua no motor. Ningu\u00e9m vestia colete salva-vidas.\u00a0A embarca\u00e7\u00e3o havia sa\u00eddo de um porto clandestino e fazia o trajeto entre a cidade de Cachoeira do Arari, no arquip\u00e9lago de Maraj\u00f3, para a cidade de Bel\u00e9m.<\/p>\n<p>A prefeitura de Bel\u00e9m\u00a0afirmou que est\u00e1 ajudando no resgate das v\u00edtimas. Elas est\u00e3o sendo encaminhadas para a Unidade B\u00e1sica de Sa\u00fade (UBS) de Cotijuba, para Unidade de Pronto Atendimento (UPA) de Icoaraci e para a UBS Marambaia, entre elas est\u00e3o idosos e crian\u00e7as.<\/p>\n<p>Segundo a Ag\u00eancia de Regula\u00e7\u00e3o e Controle dos Servi\u00e7os P\u00fablicos do Estado do Estado do Par\u00e1 (Arcon-PA), a embarca\u00e7\u00e3o n\u00e3o tinha autoriza\u00e7\u00e3o para realizar o translado intermunicipal de passageiros e j\u00e1 havia sido notificada por transporte irregular. As buscas pelos 26 desaparecidos est\u00e3o sendo feitas pelo corpo de bombeiros com aux\u00edlio de nove embarca\u00e7\u00f5es e um helic\u00f3ptero. A Marinha vai investigar o naufr\u00e1gio.<\/p>\n<p>Fonte: SBTNews<\/p>\n","protected":false},"excerpt":{"rendered":"<p>Uma embarca\u00e7\u00e3o naufragou na manh\u00e3 de 5\u00aa feira (8.set), pr\u00f3ximo \u00e0 ilha de Cotijuba, na regi\u00e3o de Bel\u00e9m (PA), deixando, ao menos, 11 mortos e&#8230;<\/p>\n","protected":false},"author":1527,"featured_media":41279,"comment_status":"closed","ping_status":"closed","sticky":false,"template":"","format":"standard","meta":{"footnotes":""},"categories":[6],"tags":[],"class_list":["post-41278","post","type-post","status-publish","format-standard","has-post-thumbnail","hentry","category-noticias"],"_links":{"self":[{"href":"https:\/\/www.sincomam.org.br\/index.php\/wp-json\/wp\/v2\/posts\/41278","targetHints":{"allow":["GET"]}}],"collection":[{"href":"https:\/\/www.sincomam.org.br\/index.php\/wp-json\/wp\/v2\/posts"}],"about":[{"href":"https:\/\/www.sincomam.org.br\/index.php\/wp-json\/wp\/v2\/types\/post"}],"author":[{"embeddable":true,"href":"https:\/\/www.sincomam.org.br\/index.php\/wp-json\/wp\/v2\/users\/1527"}],"replies":[{"embeddable":true,"href":"https:\/\/www.sincomam.org.br\/index.php\/wp-json\/wp\/v2\/comments?post=41278"}],"version-history":[{"count":1,"href":"https:\/\/www.sincomam.org.br\/index.php\/wp-json\/wp\/v2\/posts\/41278\/revisions"}],"predecessor-version":[{"id":41280,"href":"https:\/\/www.sincomam.org.br\/index.php\/wp-json\/wp\/v2\/posts\/41278\/revisions\/41280"}],"wp:featuredmedia":[{"embeddable":true,"href":"https:\/\/www.sincomam.org.br\/index.php\/wp-json\/wp\/v2\/media\/41279"}],"wp:attachment":[{"href":"https:\/\/www.sincomam.org.br\/index.php\/wp-json\/wp\/v2\/media?parent=41278"}],"wp:term":[{"taxonomy":"category","embeddable":true,"href":"https:\/\/www.sincomam.org.br\/index.php\/wp-json\/wp\/v2\/categories?post=41278"},{"taxonomy":"post_tag","embeddable":true,"href":"https:\/\/www.sincomam.org.br\/index.php\/wp-json\/wp\/v2\/tags?post=41278"}],"curies":[{"name":"wp","href":"https:\/\/api.w.org\/{rel}","templated":true}]}}