{"id":41275,"date":"2022-09-09T02:20:11","date_gmt":"2022-09-09T05:20:11","guid":{"rendered":"http:\/\/www.sincomam.org.br\/?p=41275"},"modified":"2022-09-09T02:20:11","modified_gmt":"2022-09-09T05:20:11","slug":"marinha-realiza-evacuacao-aeromedica-de-militar-que-estava-em-submarino","status":"publish","type":"post","link":"https:\/\/www.sincomam.org.br\/index.php\/marinha-realiza-evacuacao-aeromedica-de-militar-que-estava-em-submarino\/","title":{"rendered":"Marinha realiza evacua\u00e7\u00e3o aerom\u00e9dica de militar que estava em submarino"},"content":{"rendered":"<p>O 1\u00ba Esquadr\u00e3o de Helic\u00f3pteros de Emprego Geral do Norte (EsqdHU-41) realizou, no dia 5 de setembro, evacua\u00e7\u00e3o aerom\u00e9dica de um militar da Marinha, que estava a bordo do Submarino \u201cTikuna\u201d e necessitava receber atendimentos m\u00e9dicos com urg\u00eancia, e ser transportado para o Hospital Naval de Bel\u00e9m (HNBe).<\/p>\n<p>O resgate, que ocorreu nos limites das \u00c1guas Jurisdicionais Brasileiras, a aproximadamente 140 quil\u00f4metros de Oiapoque (AP), contou com a participa\u00e7\u00e3o da tripula\u00e7\u00e3o da aeronave e equipe do Grupo de Busca e Salvamento (GSAR) do Esquadr\u00e3o HU-41, al\u00e9m de M\u00e9dico e Enfermeiro do HNBe.<\/p>\n<p>&nbsp;<\/p>\n<p>Fonte: Defesa em Foco<\/p>\n","protected":false},"excerpt":{"rendered":"<p>O 1\u00ba Esquadr\u00e3o de Helic\u00f3pteros de Emprego Geral do Norte (EsqdHU-41) realizou, no dia 5 de setembro, evacua\u00e7\u00e3o aerom\u00e9dica de um militar da Marinha, que&#8230;<\/p>\n","protected":false},"author":1527,"featured_media":41276,"comment_status":"closed","ping_status":"closed","sticky":false,"template":"","format":"standard","meta":{"footnotes":""},"categories":[6],"tags":[],"class_list":["post-41275","post","type-post","status-publish","format-standard","has-post-thumbnail","hentry","category-noticias"],"_links":{"self":[{"href":"https:\/\/www.sincomam.org.br\/index.php\/wp-json\/wp\/v2\/posts\/41275","targetHints":{"allow":["GET"]}}],"collection":[{"href":"https:\/\/www.sincomam.org.br\/index.php\/wp-json\/wp\/v2\/posts"}],"about":[{"href":"https:\/\/www.sincomam.org.br\/index.php\/wp-json\/wp\/v2\/types\/post"}],"author":[{"embeddable":true,"href":"https:\/\/www.sincomam.org.br\/index.php\/wp-json\/wp\/v2\/users\/1527"}],"replies":[{"embeddable":true,"href":"https:\/\/www.sincomam.org.br\/index.php\/wp-json\/wp\/v2\/comments?post=41275"}],"version-history":[{"count":1,"href":"https:\/\/www.sincomam.org.br\/index.php\/wp-json\/wp\/v2\/posts\/41275\/revisions"}],"predecessor-version":[{"id":41277,"href":"https:\/\/www.sincomam.org.br\/index.php\/wp-json\/wp\/v2\/posts\/41275\/revisions\/41277"}],"wp:featuredmedia":[{"embeddable":true,"href":"https:\/\/www.sincomam.org.br\/index.php\/wp-json\/wp\/v2\/media\/41276"}],"wp:attachment":[{"href":"https:\/\/www.sincomam.org.br\/index.php\/wp-json\/wp\/v2\/media?parent=41275"}],"wp:term":[{"taxonomy":"category","embeddable":true,"href":"https:\/\/www.sincomam.org.br\/index.php\/wp-json\/wp\/v2\/categories?post=41275"},{"taxonomy":"post_tag","embeddable":true,"href":"https:\/\/www.sincomam.org.br\/index.php\/wp-json\/wp\/v2\/tags?post=41275"}],"curies":[{"name":"wp","href":"https:\/\/api.w.org\/{rel}","templated":true}]}}