{"id":41260,"date":"2022-09-08T10:01:52","date_gmt":"2022-09-08T13:01:52","guid":{"rendered":"http:\/\/www.sincomam.org.br\/?p=41260"},"modified":"2022-09-08T10:05:07","modified_gmt":"2022-09-08T13:05:07","slug":"41260","status":"publish","type":"post","link":"https:\/\/www.sincomam.org.br\/index.php\/41260\/","title":{"rendered":"Marinha do Brasil homenageia o Dia da P\u00e1tria"},"content":{"rendered":"<p>Para celebrar o Dia da P\u00e1tria, neste 7 de setembro, a Marinha do Brasil (MB) realizou diversos eventos por todo o Pa\u00eds, como a tradicional Parada Naval e Aeronaval na orla do Rio de Janeiro. O desfile contou com 21 navios, sendo dez da MB e onze estrangeiros, al\u00e9m das aeronaves UH-12 \u201cEsquilo\u201d e UH-15 \u201cSuper Cougar\u201d que fez um sobrevoo levando a Bandeira Nacional. O evento, alusivo ao Bicenten\u00e1rio da Independ\u00eancia, teve in\u00edcio no Recreio dos Bandeirantes, na Zona Oeste, e seguiu pela Zona Sul. Ao final, os navios ficaram fundeados em Copacabana para que o p\u00fablico presente pudesse avist\u00e1-los por mais tempo.<\/p>\n<p>A Parada Naval \u00e9 um desfile de navios que acontece h\u00e1 d\u00e9cadas e tem o prop\u00f3sito de mostrar \u00e0 popula\u00e7\u00e3o os navios e as aeronaves da MB que protegem o territ\u00f3rio brasileiro e as riquezas da Amaz\u00f4nia Azul. A participa\u00e7\u00e3o de navios de Marinhas amigas neste ano &#8211; Argentina, Chile, Estados Unidos da Am\u00e9rica, Camar\u00f5es, M\u00e9xico, Nam\u00edbia, Portugal, Reino Unido e Uruguai &#8211; refor\u00e7a os la\u00e7os de amizade e respeito com os demais pa\u00edses e contribui para a interoperabilidade nas diversas tarefas.<\/p>\n<p>Os preparativos para a celebra\u00e7\u00e3o do Bicenten\u00e1rio da Independ\u00eancia come\u00e7aram em 2018, com o objetivo de planejar os diversos eventos relacionados a essa data. Dentre os principais eventos est\u00e3o o Velas Latinoamerica 2022, a Parada Naval (hoje), a Revista Naval no pr\u00f3ximo dia 10 de setembro, assim como a Opera\u00e7\u00e3o UNITAS LXIII. De acordo com o Comandante da 2\u00aa Divis\u00e3o da Esquadra, Contra-Almirante Andr\u00e9 Luiz Andrade F\u00e9lix, por ser um evento de alta complexidade com muitos atores envolvidos \u201chouve diversas reuni\u00f5es log\u00edsticas com \u00f3rg\u00e3os p\u00fablicos e privados que nos ajudaram, como a Praticagem RJ, Companhia Docas do RJ e Pier Mau\u00e1, Adidos Navais e de Defesa, For\u00e7a A\u00e9rea Brasileira, Aeroporto Santos Dumont e CCR Barcas. Al\u00e9m disso, foram atualizados os levantamentos batim\u00e9tricos da Ba\u00eda da Guanabara, a fim de prover o m\u00e1ximo de seguran\u00e7a no evento\u201d.<\/p>\n<p><strong>Navios envolvidos no Desfile   <\/strong><br \/>\nOs navios da MB que participaram da Parada Naval foram: Navio-Veleiro \u201cCisne Branco\u201d; Navio-Aer\u00f3dromo Multiprop\u00f3sito (NAM) \u201cAtl\u00e2ntico\u201d; Navio-Doca Multiprop\u00f3sito \u201cBahia\u201d; Fragata \u201cLiberal\u201d; Navio-Patrulha Oce\u00e2nico \u201cAmazonas\u201d; Navio Hidroceanogr\u00e1fico \u201cCruzeiro do Sul\u201d; Navio Oceanogr\u00e1fico \u201cAntares\u201d; Submarino \u201cRiachuelo\u201d; Navio-Patrulha \u201cMaracan\u00e3\u201d; e o Aviso de Pesquisa Hidroceanogr\u00e1fico \u201cAspirante Moura\u201d.<\/p>\n<p>J\u00e1 os navios estrangeiros das Marinhas amigas foram: Navio de Transporte Anf\u00edbio USS \u201cMesa Verde\u201d LPD-19 (Classe San Antonio) e Navio Destroyer USS \u201cLassen\u201d da Marinha dos Estados Unidos; Navio Multiprop\u00f3sito ARM \u201cLibertador\u201d do M\u00e9xico; Navio Patrulha Oce\u00e2nico Polivalente ARA \u201cPiedrabuena\u201d e ARA \u201cLibertad\u201d da Argentina; Navios Patrulha (CNS) \u201cLe Ntem\u201d e \u201cLasanaga\u201d de Camar\u00f5es; Navio Escola da Armada Portuguesa N.R.P. \u201cSagres\u201d; Fragata HMS \u201cForth\u201d da Marinha Real Brit\u00e2nica; Navio Multiprop\u00f3sito \u201cElephant\u201d da Nam\u00edbia; Navio de Salvamento e Pesquisa ROU \u201cVanguardia\u201d do Uruguai; e a Fragata FF-19 \u201cAlmirante Willians\u201d do Chile.<\/p>\n<p>Fonte: Marinha do Brasil<\/p>\n","protected":false},"excerpt":{"rendered":"<p>Para celebrar o Dia da P\u00e1tria, neste 7 de setembro, a Marinha do Brasil (MB) realizou diversos eventos por todo o Pa\u00eds, como a tradicional&#8230;<\/p>\n","protected":false},"author":1527,"featured_media":41261,"comment_status":"closed","ping_status":"closed","sticky":false,"template":"","format":"standard","meta":{"footnotes":""},"categories":[6],"tags":[],"class_list":["post-41260","post","type-post","status-publish","format-standard","has-post-thumbnail","hentry","category-noticias"],"_links":{"self":[{"href":"https:\/\/www.sincomam.org.br\/index.php\/wp-json\/wp\/v2\/posts\/41260","targetHints":{"allow":["GET"]}}],"collection":[{"href":"https:\/\/www.sincomam.org.br\/index.php\/wp-json\/wp\/v2\/posts"}],"about":[{"href":"https:\/\/www.sincomam.org.br\/index.php\/wp-json\/wp\/v2\/types\/post"}],"author":[{"embeddable":true,"href":"https:\/\/www.sincomam.org.br\/index.php\/wp-json\/wp\/v2\/users\/1527"}],"replies":[{"embeddable":true,"href":"https:\/\/www.sincomam.org.br\/index.php\/wp-json\/wp\/v2\/comments?post=41260"}],"version-history":[{"count":3,"href":"https:\/\/www.sincomam.org.br\/index.php\/wp-json\/wp\/v2\/posts\/41260\/revisions"}],"predecessor-version":[{"id":41266,"href":"https:\/\/www.sincomam.org.br\/index.php\/wp-json\/wp\/v2\/posts\/41260\/revisions\/41266"}],"wp:featuredmedia":[{"embeddable":true,"href":"https:\/\/www.sincomam.org.br\/index.php\/wp-json\/wp\/v2\/media\/41261"}],"wp:attachment":[{"href":"https:\/\/www.sincomam.org.br\/index.php\/wp-json\/wp\/v2\/media?parent=41260"}],"wp:term":[{"taxonomy":"category","embeddable":true,"href":"https:\/\/www.sincomam.org.br\/index.php\/wp-json\/wp\/v2\/categories?post=41260"},{"taxonomy":"post_tag","embeddable":true,"href":"https:\/\/www.sincomam.org.br\/index.php\/wp-json\/wp\/v2\/tags?post=41260"}],"curies":[{"name":"wp","href":"https:\/\/api.w.org\/{rel}","templated":true}]}}