{"id":41254,"date":"2022-09-08T09:47:59","date_gmt":"2022-09-08T12:47:59","guid":{"rendered":"http:\/\/www.sincomam.org.br\/?p=41254"},"modified":"2022-09-08T09:47:59","modified_gmt":"2022-09-08T12:47:59","slug":"brasil-tera-feira-e-forum-dedicados-a-mercado-naval","status":"publish","type":"post","link":"https:\/\/www.sincomam.org.br\/index.php\/brasil-tera-feira-e-forum-dedicados-a-mercado-naval\/","title":{"rendered":"BRASIL TER\u00c1 FEIRA E F\u00d3RUM DEDICADOS A MERCADO NAVAL"},"content":{"rendered":"<p>Empresas e autoridades do setor naval brasileiro poder\u00e3o participar da primeira edi\u00e7\u00e3o da feira e f\u00f3rum Navall Show Brasil. O evento est\u00e1 sendo preparado para ocorrer em 07 e 08 de novembro de 2023 e tem apoio da C\u00e2mara de Com\u00e9rcio \u00c1rabe Brasileira.<\/p>\n<p>Focada no ecossistema mar\u00edtimo, a feira est\u00e1 sendo lan\u00e7ada oficialmente nesta quinta-feira (01), na esteira da incorpora\u00e7\u00e3o do submarino S40 Riachuelo ao Setor Operativo da Marinha do Brasil, com cerim\u00f4nia de mostra de armamento, atividade tradicionalmente realizada quando uma embarca\u00e7\u00e3o entra em opera\u00e7\u00e3o.<\/p>\n<p>A Navall Show espera atrair um p\u00fablico que conta com empres\u00e1rios, executivos, profissionais de portos, estaleiros e entidades ligadas \u00e0 engenharia naval e tecnologia mar\u00edtima, For\u00e7as Armadas, setor de seguran\u00e7a, lazer e pesca.<\/p>\n<p>A organiza\u00e7\u00e3o afirma que o evento buscar\u00e1 promover novos neg\u00f3cios, networking e conhecimento sobre o potencial e a capacidade tecnol\u00f3gica do setor.<\/p>\n<p>\u201cQuest\u00f5es como constru\u00e7\u00e3o naval, infraestrutura e log\u00edstica portu\u00e1ria, transporte de cargas e passageiros, cabotagem, pesca, lazer e turismo, assim como a sustentabilidade e os impactos futuros no mar estar\u00e3o na pauta\u201d, disse, em nota, Paulo Albuquerque, idealizador do evento e diretor da AC Solu\u00e7\u00f5es, empresa organizadora da feira.<\/p>\n<p>Para o executivo, h\u00e1 um potencial de crescimento para o mercado naval, mas faltava um local de converg\u00eancia entre todos os players. \u201cCom o lan\u00e7amento da feira e f\u00f3rum, nossa meta \u00e9 suprir essa demanda\u201d, disse.<\/p>\n<p>A Navall Show Brasil ter\u00e1 mais de 80 expositores e estima receber at\u00e9 dois mil visitantes de setores como constru\u00e7\u00e3o naval, infraestrutura e log\u00edstica portu\u00e1ria, transporte de carga e passageiros, cabotagem, pesca, lazer e turismo.<\/p>\n<p>Fonte: ANBA<\/p>\n","protected":false},"excerpt":{"rendered":"<p>Empresas e autoridades do setor naval brasileiro poder\u00e3o participar da primeira edi\u00e7\u00e3o da feira e f\u00f3rum Navall Show Brasil. O evento est\u00e1 sendo preparado para&#8230;<\/p>\n","protected":false},"author":1527,"featured_media":41255,"comment_status":"closed","ping_status":"closed","sticky":false,"template":"","format":"standard","meta":{"footnotes":""},"categories":[6],"tags":[],"class_list":["post-41254","post","type-post","status-publish","format-standard","has-post-thumbnail","hentry","category-noticias"],"_links":{"self":[{"href":"https:\/\/www.sincomam.org.br\/index.php\/wp-json\/wp\/v2\/posts\/41254","targetHints":{"allow":["GET"]}}],"collection":[{"href":"https:\/\/www.sincomam.org.br\/index.php\/wp-json\/wp\/v2\/posts"}],"about":[{"href":"https:\/\/www.sincomam.org.br\/index.php\/wp-json\/wp\/v2\/types\/post"}],"author":[{"embeddable":true,"href":"https:\/\/www.sincomam.org.br\/index.php\/wp-json\/wp\/v2\/users\/1527"}],"replies":[{"embeddable":true,"href":"https:\/\/www.sincomam.org.br\/index.php\/wp-json\/wp\/v2\/comments?post=41254"}],"version-history":[{"count":1,"href":"https:\/\/www.sincomam.org.br\/index.php\/wp-json\/wp\/v2\/posts\/41254\/revisions"}],"predecessor-version":[{"id":41256,"href":"https:\/\/www.sincomam.org.br\/index.php\/wp-json\/wp\/v2\/posts\/41254\/revisions\/41256"}],"wp:featuredmedia":[{"embeddable":true,"href":"https:\/\/www.sincomam.org.br\/index.php\/wp-json\/wp\/v2\/media\/41255"}],"wp:attachment":[{"href":"https:\/\/www.sincomam.org.br\/index.php\/wp-json\/wp\/v2\/media?parent=41254"}],"wp:term":[{"taxonomy":"category","embeddable":true,"href":"https:\/\/www.sincomam.org.br\/index.php\/wp-json\/wp\/v2\/categories?post=41254"},{"taxonomy":"post_tag","embeddable":true,"href":"https:\/\/www.sincomam.org.br\/index.php\/wp-json\/wp\/v2\/tags?post=41254"}],"curies":[{"name":"wp","href":"https:\/\/api.w.org\/{rel}","templated":true}]}}