{"id":4123,"date":"2014-03-12T14:00:59","date_gmt":"2014-03-12T17:00:59","guid":{"rendered":"http:\/\/sincomam.org.br\/?p=4123"},"modified":"2014-03-12T16:24:05","modified_gmt":"2014-03-12T19:24:05","slug":"sincomam-comemora-87-anos-de-lutas-e-vitorias","status":"publish","type":"post","link":"https:\/\/www.sincomam.org.br\/index.php\/sincomam-comemora-87-anos-de-lutas-e-vitorias\/","title":{"rendered":"SINCOMAM comemora 87 anos de lutas e vit\u00f3rias"},"content":{"rendered":"<p>Os homens passam, mas as institui\u00e7\u00f5es ficam. O SINCOMAM completa hoje (12\/3) 87 anos de lutas e vit\u00f3rias!<br \/>\nA hist\u00f3ria nos mostra que desde a cria\u00e7\u00e3o do Sindicato e de sua 1\u00aa carta Sindical (1931) houve avan\u00e7os consider\u00e1veis onde muitos perderam a pr\u00f3pria vida defendendo seus ideais! <\/p>\n<p>Hoje esse \u201cjovem senhor\u201d cheio de vigor, conquistou admira\u00e7\u00e3o, credibilidade, respeitabilidade e avan\u00e7o nas conquistas sociais e pecuni\u00e1rias, onde temos at\u00e9 \u201cENGENHEIROS\u201d como Condutor de M\u00e1quinas. Temos orgulho em pertencer a esta institui\u00e7\u00e3o cujos valores est\u00e3o acima de vaidades e interesses pessoais, a fam\u00edlia SINCOMAM luta sempre por dias melhores para toda a categoria n\u00e3o importa onde esteja o CDM, l\u00e1 estaremos defendendo seus interesses. <\/p>\n<p>Agora mais do que nunca h\u00e1 uma consci\u00eancia de que n\u00e3o existe uma parte sem a outra, Categoria e Institui\u00e7\u00e3o dependem uma da outra, juntas formam um elo muito forte, pois sabemos o quanto foi duro criar CAAQ, ACOM, aumento de compet\u00eancia de 1000KW para 3000KW e 5.000 KW e a volta da carreira at\u00e9 OSM, a transforma\u00e7\u00e3o para Sindicato Nacional, e tantas outras conquistas que n\u00e3o s\u00e3o poss\u00edveis enumerar agora, mas s\u00e3o vit\u00f3rias at\u00e9 ent\u00e3o desconhecidas por muitos, s\u00e3o conquistas de extrema relev\u00e2ncia que deu f\u00f4lego a categoria e reabriu com entusiasmo a carreira do CDM.<\/p>\n<p>PARAB\u00c9NS SINCOMAM, pelos 87 (oitenta e sete) anos de lutas e vit\u00f3rias, que o Sr. DEUS rico em amor e miseric\u00f3rdia aben\u00e7oe toda a categoria e esta institui\u00e7\u00e3o de homens e mulheres que nesta \u00e1rdua miss\u00e3o de defender interesses coletivos s\u00e3o em alguns momentos at\u00e9 incompreendidos, mas n\u00e3o h\u00e1 vit\u00f3rias sem lutas!<br \/>\nUm fraterno abra\u00e7o a todos!<\/p>\n<p>ALCIR DA COSTA ALBERNOZ<br \/>\nDiretor Presidente<\/p>\n","protected":false},"excerpt":{"rendered":"<p>Os homens passam, mas as institui\u00e7\u00f5es ficam. O SINCOMAM completa hoje (12\/3) 87 anos de lutas e vit\u00f3rias! A hist\u00f3ria nos mostra que desde a&#8230;<\/p>\n","protected":false},"author":1182,"featured_media":3251,"comment_status":"closed","ping_status":"closed","sticky":false,"template":"","format":"standard","meta":{"footnotes":""},"categories":[6],"tags":[712,20,711,17,374,710],"class_list":["post-4123","post","type-post","status-publish","format-standard","has-post-thumbnail","hentry","category-noticias","tag-aniversario","tag-comemoracao","tag-lutas","tag-sincomam","tag-sindicato","tag-vitorias"],"_links":{"self":[{"href":"https:\/\/www.sincomam.org.br\/index.php\/wp-json\/wp\/v2\/posts\/4123","targetHints":{"allow":["GET"]}}],"collection":[{"href":"https:\/\/www.sincomam.org.br\/index.php\/wp-json\/wp\/v2\/posts"}],"about":[{"href":"https:\/\/www.sincomam.org.br\/index.php\/wp-json\/wp\/v2\/types\/post"}],"author":[{"embeddable":true,"href":"https:\/\/www.sincomam.org.br\/index.php\/wp-json\/wp\/v2\/users\/1182"}],"replies":[{"embeddable":true,"href":"https:\/\/www.sincomam.org.br\/index.php\/wp-json\/wp\/v2\/comments?post=4123"}],"version-history":[{"count":4,"href":"https:\/\/www.sincomam.org.br\/index.php\/wp-json\/wp\/v2\/posts\/4123\/revisions"}],"predecessor-version":[{"id":4128,"href":"https:\/\/www.sincomam.org.br\/index.php\/wp-json\/wp\/v2\/posts\/4123\/revisions\/4128"}],"wp:featuredmedia":[{"embeddable":true,"href":"https:\/\/www.sincomam.org.br\/index.php\/wp-json\/wp\/v2\/media\/3251"}],"wp:attachment":[{"href":"https:\/\/www.sincomam.org.br\/index.php\/wp-json\/wp\/v2\/media?parent=4123"}],"wp:term":[{"taxonomy":"category","embeddable":true,"href":"https:\/\/www.sincomam.org.br\/index.php\/wp-json\/wp\/v2\/categories?post=4123"},{"taxonomy":"post_tag","embeddable":true,"href":"https:\/\/www.sincomam.org.br\/index.php\/wp-json\/wp\/v2\/tags?post=4123"}],"curies":[{"name":"wp","href":"https:\/\/api.w.org\/{rel}","templated":true}]}}