{"id":41220,"date":"2022-09-05T10:13:45","date_gmt":"2022-09-05T13:13:45","guid":{"rendered":"http:\/\/www.sincomam.org.br\/?p=41220"},"modified":"2022-09-05T10:13:45","modified_gmt":"2022-09-05T13:13:45","slug":"decisao-do-stf-pode-multiplicar-valor-de-milhares-de-aposentadorias","status":"publish","type":"post","link":"https:\/\/www.sincomam.org.br\/index.php\/decisao-do-stf-pode-multiplicar-valor-de-milhares-de-aposentadorias\/","title":{"rendered":"Decis\u00e3o do STF pode multiplicar valor de milhares de aposentadorias"},"content":{"rendered":"<p>Milhares de aposentados aguardam o Supremo Tribunal Federal (STF) para definir como ficar\u00e1 a famosa\u00a0<strong>Revis\u00e3o da Vida Toda<\/strong>, tamb\u00e9m conhecida como Revis\u00e3o da Vida inteira.<\/p>\n<p>A expectativa quanto ao tema est\u00e1 cada vez mais alta visto que o tema j\u00e1 havia sido aprovado no dia 25 de fevereiro atrav\u00e9s de sess\u00e3o virtual do STF.<\/p>\n<p>No entanto, naquele per\u00edodo, faltando minutos para o fim do julgamento, o Ministro Nunes Marques optou pelo pedido de destaque.<\/p>\n<p>Com o pedido de destaque, Nunes Marques pediu que o tema fosse analisado no plen\u00e1rio f\u00edsico, o que consequentemente faria com que o julgamento fosse da revis\u00e3o da vida toda fosse reiniciado.<\/p>\n<p data-fetch=\"true\">A altera\u00e7\u00e3o inclusive impactou no julgamento de mais 20 outros processos analisados em plen\u00e1rio virtual, com o pedido de destaque, como, por exemplo, o imposto sobre grandes fortunas e o que discute sobre o cr\u00e9dito presumido de ICMS na base do PIS\/Cofins.<\/p>\n<h2 id=\"h-manobra-do-stf-para-manter-os-votos\"><strong>Manobra do STF para manter os votos<\/strong><\/h2>\n<p>Com o pedido de destaque, a corte rapidamente aprovou uma altera\u00e7\u00e3o no processo do tribunal, que de forma pr\u00e1tica, impede a atua\u00e7\u00e3o dos ministros mais novos em determinados processos.<\/p>\n<p>Al\u00e9m disso, tamb\u00e9m autoriza que os votos dos ministros j\u00e1 aposentados continuem sendo aproveitados quando a a\u00e7\u00e3o que j\u00e1 havia sido decidida em plen\u00e1rio virtual for levada ao plen\u00e1rio f\u00edsico.<\/p>\n<div id=\"jorna-1420771704\" class=\"jorna-amp-teads\">\n<div><\/div>\n<\/div>\n<p>A a\u00e7\u00e3o foi tomada, pois, antes, quando o julgamento era reiniciado, os votos de ministros que se aposentaram eram descartados, fazendo com que os novos ministros tivessem que decidir sobre o tema.<\/p>\n<p>Vale lembrar que quando foi votada no plen\u00e1rio virtual, o STF decidiu em favor dos aposentados num placar de 6 votos a 5.<\/p>\n<p>Onde, caso o STF n\u00e3o tivesse adotado a manobra de manter os votos do plen\u00e1rio virtual, o voto do ex-ministro aposentado Marco Aur\u00e9lio Mello que votou em favor dos aposentados seria descartado.<\/p>\n<h2 id=\"h-decisao-da-revisao\"><strong>Decis\u00e3o da Revis\u00e3o<\/strong><\/h2>\n<p>Ap\u00f3s pedido de destaque do ministro Nunes Marques e a altera\u00e7\u00e3o do STF que manter\u00e1 os votos do ex-ministro Marco Aur\u00e9lio Mello, o STF poder\u00e1 seguir por dois caminhos.<\/p>\n<p>O primeiro deles \u00e9 dar como encerrado o processo, afinal, todos os votos ser\u00e3o mantidos e n\u00e3o dever\u00e1 haver altera\u00e7\u00e3o, ou ent\u00e3o em outra situa\u00e7\u00e3o, \u00e9 o STF reiniciar o julgamento no plen\u00e1rio presencial, computando o voto do ex-ministro aposentado.<\/p>\n<p>A expectativa \u00e9 que o STF inclua a revis\u00e3o da vida toda ainda em 2022 e em ambos os caminhos a proje\u00e7\u00e3o \u00e9 de que a decis\u00e3o ocorra em prol dos aposentados.<\/p>\n<p>Fonte: Jornal Cont\u00e1bil<\/p>\n<p data-fetch=\"true\">\n","protected":false},"excerpt":{"rendered":"<p>Milhares de aposentados aguardam o Supremo Tribunal Federal (STF) para definir como ficar\u00e1 a famosa\u00a0Revis\u00e3o da Vida Toda, tamb\u00e9m conhecida como Revis\u00e3o da Vida inteira&#8230;.<\/p>\n","protected":false},"author":1527,"featured_media":20357,"comment_status":"closed","ping_status":"closed","sticky":false,"template":"","format":"standard","meta":{"footnotes":""},"categories":[6],"tags":[],"class_list":["post-41220","post","type-post","status-publish","format-standard","has-post-thumbnail","hentry","category-noticias"],"_links":{"self":[{"href":"https:\/\/www.sincomam.org.br\/index.php\/wp-json\/wp\/v2\/posts\/41220","targetHints":{"allow":["GET"]}}],"collection":[{"href":"https:\/\/www.sincomam.org.br\/index.php\/wp-json\/wp\/v2\/posts"}],"about":[{"href":"https:\/\/www.sincomam.org.br\/index.php\/wp-json\/wp\/v2\/types\/post"}],"author":[{"embeddable":true,"href":"https:\/\/www.sincomam.org.br\/index.php\/wp-json\/wp\/v2\/users\/1527"}],"replies":[{"embeddable":true,"href":"https:\/\/www.sincomam.org.br\/index.php\/wp-json\/wp\/v2\/comments?post=41220"}],"version-history":[{"count":1,"href":"https:\/\/www.sincomam.org.br\/index.php\/wp-json\/wp\/v2\/posts\/41220\/revisions"}],"predecessor-version":[{"id":41222,"href":"https:\/\/www.sincomam.org.br\/index.php\/wp-json\/wp\/v2\/posts\/41220\/revisions\/41222"}],"wp:featuredmedia":[{"embeddable":true,"href":"https:\/\/www.sincomam.org.br\/index.php\/wp-json\/wp\/v2\/media\/20357"}],"wp:attachment":[{"href":"https:\/\/www.sincomam.org.br\/index.php\/wp-json\/wp\/v2\/media?parent=41220"}],"wp:term":[{"taxonomy":"category","embeddable":true,"href":"https:\/\/www.sincomam.org.br\/index.php\/wp-json\/wp\/v2\/categories?post=41220"},{"taxonomy":"post_tag","embeddable":true,"href":"https:\/\/www.sincomam.org.br\/index.php\/wp-json\/wp\/v2\/tags?post=41220"}],"curies":[{"name":"wp","href":"https:\/\/api.w.org\/{rel}","templated":true}]}}