{"id":41217,"date":"2022-09-05T10:09:09","date_gmt":"2022-09-05T13:09:09","guid":{"rendered":"http:\/\/www.sincomam.org.br\/?p=41217"},"modified":"2022-09-05T10:09:09","modified_gmt":"2022-09-05T13:09:09","slug":"esquadra-brasileira-promove-tres-dias-de-exposicao-e-visitacao-publicas-no-pier-maua","status":"publish","type":"post","link":"https:\/\/www.sincomam.org.br\/index.php\/esquadra-brasileira-promove-tres-dias-de-exposicao-e-visitacao-publicas-no-pier-maua\/","title":{"rendered":"Esquadra brasileira promove tr\u00eas dias de exposi\u00e7\u00e3o e visita\u00e7\u00e3o p\u00fablicas no P\u00eder Mau\u00e1"},"content":{"rendered":"<p>Na ocasia\u0303o, havera\u0301 estandes das Organizac\u0327o\u0303es Militares subordinadas ao Comando em Chefe da Esquadra, tais quais: Comando da Forc\u0327a Aeronaval, Comando da Primeira Divisa\u0303o da Esquadra, Comando da Segunda Divisa\u0303o da Esquadra, Comando da Forc\u0327a de Superfi\u0301cie, Comando da Forc\u0327a de Submarinos, Base Naval do Rio de Janeiro, Centro de Intende\u0302ncia da Marinha em Nitero\u0301i, Centro de Apoio a Sistemas Operativos, Centro de Manutenc\u0327a\u0303o de Embarcac\u0327o\u0303es Miu\u0301das e Unidade Me\u0301dica da Esquadra.<\/p>\n<p>Ale\u0301m da oportunidade de conhecerem detalhes sobre as atividades realizadas pela Esquadra, por meio dos estandes visitados, o pu\u0301blico presente tera\u0301 acesso ao Capita\u0302nia da Esquadra, o Navio Aero\u0301dromo Multipropo\u0301sito \u2013 NAM \u201cAtla\u0302ntico\u201d e ao Navio Veleiro \u201cCisne Branco\u201d, nos dias 3 e 4, e a\u0300s Fragata Rademaker e Corveta Ju\u0301lio de Noronha, assim como ao navio Navio Escola \u201cSagres\u201d, da Marinha Portuguesa, no dia 8 setembro.<\/p>\n<p>O evento e\u0301 gratuito e o pu\u0301blico interessado podera\u0301 realizar a inscric\u0327a\u0303o antecipada, por interme\u0301dio do si\u0301tio\u00a0<a href=\"http:\/\/www.200anosdaesquadra.marinha.mil.br\/\" target=\"_blank\" rel=\"noopener\">www.200anosdaesquadra.marinha.mil.br<\/a>, a partir desta quinta-feira (01).<\/p>\n<h2>Navios<\/h2>\n<div class=\"page\" title=\"Page 1\">\n<div class=\"section\">\n<div class=\"layoutArea\">\n<div class=\"column\">\n<p><strong>Navio-Aero\u0301dromo Multipropo\u0301sito \u201cAtla\u0302ntico\u201d (A140)<\/strong><\/p>\n<p>O Navio-Aero\u0301dromo Multipropo\u0301sito \u201cAtla\u0302ntico\u201d possui capacidades adequadas a\u0300 complexidade das operac\u0327o\u0303es anfi\u0301bias e ae\u0301reas. Incorporado a\u0300 Marinha do Brasil em 2018, ainda sob a classificac\u0327a\u0303o de Porta-Helico\u0301pteros, o NAM \u201cAtla\u0302ntico\u201d foi designado como o Capita\u0302nia da Esquadra brasileira e, entre outras importantes caracteri\u0301sticas, tem a capacidade de transportar ate\u0301 16 aeronaves e cerca de 750 Fuzileiros Navais.<\/p>\n<div class=\"page\" title=\"Page 2\">\n<div class=\"layoutArea\">\n<div class=\"column\">\n<p><strong>Navio Veleiro \u201cCisne Branco\u201d (U20)<\/strong><\/p>\n<p>Destina-se a apresentar a cultura e as tradic\u0327o\u0303es navais brasileiras e realizar instruc\u0327o\u0303es marinheiras, ale\u0301m de representar o pai\u0301s em eventos nacionais e internacionais, o que o faz ser conhecido como a \u201cEmbaixada Brasileira no Mar\u201d.<\/p>\n<div class=\"page\" title=\"Page 2\">\n<div class=\"layoutArea\">\n<div class=\"column\">\n<p><strong>Fragata Rademaker (F49)<\/strong><\/p>\n<p>A Fragata Rademaker (F49), atualmente a u\u0301nica pertencente a\u0300 Classe Greenhalgh, possui como principais armamentos dois lanc\u0327adores duplos de mi\u0301sseis Exocet MM-40 e dois lanc\u0327adores se\u0302xtuplos de mi\u0301sseis antiae\u0301reos Sea Wolf, com capacidade de prover defesa de ponto.<\/p>\n<div class=\"page\" title=\"Page 2\">\n<div class=\"layoutArea\">\n<div class=\"column\">\n<p><strong>Corveta Julio de Noronha (V32)<\/strong><\/p>\n<\/div>\n<p>Fabricada no Brasil, a Corveta Ju\u0301lio de Noronha (V32) e\u0301 pertencente a\u0300 classe Inhau\u0301ma e possui armamentos e sensores que a capacitam para guerra antissubmarina, de superfi\u0301cie e antiae\u0301rea.<\/p>\n<div class=\"page\" title=\"Page 3\">\n<div class=\"section\">\n<div class=\"layoutArea\">\n<div class=\"column\">\n<p><strong>NE Sagres\u00a0<\/strong><\/p>\n<p>Cedido pelo Brasil, o NRP Sagres e\u0301 o navio mais condecorado da Marinha Portuguesa e o u\u0301nico a ostentar condecorac\u0327o\u0303es estrangeiras no respectivo estandarte nacional. (Fonte Marinha Portuguesa\/site).<\/p>\n<div class=\"page\" title=\"Page 3\">\n<div class=\"section\">\n<div class=\"layoutArea\">\n<div class=\"column\">\n<p><strong>Servic\u0327o:<\/strong><\/p>\n<p><strong>Local:<\/strong>\u00a0Edifi\u0301cio Touring \u2013 Prac\u0327a Maua\u0301, no 2, Zona Portua\u0301ria, Centro, Rio de Janeiro \u2013 RJ\u00a0<strong>Data:<\/strong>\u00a03, 4 e 8 de setembro de 2022<br \/>\n<strong>Hora\u0301rios:<\/strong>\u00a0das 9 a\u0300s 17h<br \/>\n<strong>Entrada:<\/strong>\u00a0gratuita<\/p>\n<p>Inscric\u0327o\u0303es:\u00a0<a href=\"http:\/\/www.200anosdaesquadra.marinha.mil.br\/\" target=\"_blank\" rel=\"noopener\">www.200anosdaesquadra.marinha.mil.br<\/a><\/p>\n<p>Fonte: Defesa em Foco<\/p>\n<\/div>\n<\/div>\n<\/div>\n<\/div>\n<\/div>\n<\/div>\n<\/div>\n<\/div>\n<\/div>\n<\/div>\n<\/div>\n<\/div>\n<\/div>\n<\/div>\n<\/div>\n<\/div>\n<\/div>\n<\/div>\n<\/div>\n<\/div>\n","protected":false},"excerpt":{"rendered":"<p>Na ocasia\u0303o, havera\u0301 estandes das Organizac\u0327o\u0303es Militares subordinadas ao Comando em Chefe da Esquadra, tais quais: Comando da Forc\u0327a Aeronaval, Comando da Primeira Divisa\u0303o da&#8230;<\/p>\n","protected":false},"author":1527,"featured_media":41218,"comment_status":"closed","ping_status":"closed","sticky":false,"template":"","format":"standard","meta":{"footnotes":""},"categories":[6],"tags":[],"class_list":["post-41217","post","type-post","status-publish","format-standard","has-post-thumbnail","hentry","category-noticias"],"_links":{"self":[{"href":"https:\/\/www.sincomam.org.br\/index.php\/wp-json\/wp\/v2\/posts\/41217","targetHints":{"allow":["GET"]}}],"collection":[{"href":"https:\/\/www.sincomam.org.br\/index.php\/wp-json\/wp\/v2\/posts"}],"about":[{"href":"https:\/\/www.sincomam.org.br\/index.php\/wp-json\/wp\/v2\/types\/post"}],"author":[{"embeddable":true,"href":"https:\/\/www.sincomam.org.br\/index.php\/wp-json\/wp\/v2\/users\/1527"}],"replies":[{"embeddable":true,"href":"https:\/\/www.sincomam.org.br\/index.php\/wp-json\/wp\/v2\/comments?post=41217"}],"version-history":[{"count":1,"href":"https:\/\/www.sincomam.org.br\/index.php\/wp-json\/wp\/v2\/posts\/41217\/revisions"}],"predecessor-version":[{"id":41219,"href":"https:\/\/www.sincomam.org.br\/index.php\/wp-json\/wp\/v2\/posts\/41217\/revisions\/41219"}],"wp:featuredmedia":[{"embeddable":true,"href":"https:\/\/www.sincomam.org.br\/index.php\/wp-json\/wp\/v2\/media\/41218"}],"wp:attachment":[{"href":"https:\/\/www.sincomam.org.br\/index.php\/wp-json\/wp\/v2\/media?parent=41217"}],"wp:term":[{"taxonomy":"category","embeddable":true,"href":"https:\/\/www.sincomam.org.br\/index.php\/wp-json\/wp\/v2\/categories?post=41217"},{"taxonomy":"post_tag","embeddable":true,"href":"https:\/\/www.sincomam.org.br\/index.php\/wp-json\/wp\/v2\/tags?post=41217"}],"curies":[{"name":"wp","href":"https:\/\/api.w.org\/{rel}","templated":true}]}}