{"id":41211,"date":"2022-09-05T09:55:51","date_gmt":"2022-09-05T12:55:51","guid":{"rendered":"http:\/\/www.sincomam.org.br\/?p=41211"},"modified":"2022-09-05T09:55:51","modified_gmt":"2022-09-05T12:55:51","slug":"novo-terminal-de-conteineres-da-maersk-promete-gerar-quase-10-mil-novos-empregos","status":"publish","type":"post","link":"https:\/\/www.sincomam.org.br\/index.php\/novo-terminal-de-conteineres-da-maersk-promete-gerar-quase-10-mil-novos-empregos\/","title":{"rendered":"Novo terminal de cont\u00eaineres da Maersk promete gerar quase 10 mil novos empregos"},"content":{"rendered":"<h2 id=\"h-o-novo-terminal-de-conteineres-da-maersk-no-estado-de-pernambuco-promete-gerar-mais-de-10-mil-novos-empregos\">O novo terminal de cont\u00eaineres da Maersk no estado de Pernambuco promete gerar mais de 10 mil novos empregos.<\/h2>\n<p>Nesta quinta-feira (1), o\u00a0Porto de Suape\u00a0tornou oficial o desenvolvimento de um novo terminal de cont\u00eaineres da\u00a0APM Terminals, que pertence ao grupo Maersk. A venda foi homologada pela Justi\u00e7a de Ipojuca no m\u00eas de agosto. Em um evento, o presidente da Suape, Roberto Gusm\u00e3o, afirmou que Pernambuco ser\u00e1 o hub de distribui\u00e7\u00e3o da Maersk no Nordeste e essa iniciativa visa\u00a0gerar milhares de novos empregos.<\/p>\n<p>Segundo Gusm\u00e3o, este \u00e9 o fortalecimento do maior armador do mundo, que vem trazer ao estado novas rotas internacionais na \u00c1sia e na Europa. Al\u00e9m do novo terminal de cont\u00eaineres, o Porto tamb\u00e9m fez o an\u00fancio de uma s\u00e9rie de entregas e arrendamentos que vem realizando.<\/p>\n<p>No total, ser\u00e3o R$ 37 bilh\u00f5es investidos no local e, de acordo com Gusm\u00e3o, os empreendimentos criar\u00e3o cerca de<strong>\u00a09,8 mil empregos diretos e indiretos<\/strong>.<\/p>\n<p>O executivo tamb\u00e9m celebrou os investimentos recebidos no complexo e a retomada da autonomia, afirmando que tiveram articula\u00e7\u00e3o essenciais com a bancada federal e tamb\u00e9m contou com a ajuda do ex-ministro Gilson Machado, que contribuiu no fortalecimento desse pleito antigo do estado, que \u00e9 buscar essa autonomia do povo. Estiveram presentes no evento o Governador de Pernambuco, Paulo C\u00e2mara, secret\u00e1rios de governo e representantes da\u00a0Maersk.<\/p>\n<h2>Obras da Maersk come\u00e7ar\u00e3o at\u00e9 2025<\/h2>\n<p>Segundo Paulo C\u00e2mara, fica a sua certeza de que o estado est\u00e1 avan\u00e7ando e ter\u00e1 uma opera\u00e7\u00e3o log\u00edstica de primeiro mundo, eficiente, que reduzir\u00e1 os custos e dar\u00e1 aquilo que tamb\u00e9m\u00a0\u00e9 importante para Pernambuco, que \u00e9 mostrar o potencial de realizar investimentos na regi\u00e3o, al\u00e9m de gerar milhares de novas oportunidades de emprego.<\/p>\n<p>O intuito \u00e9 dar \u00e0 Maersk toda a condi\u00e7\u00e3o de, at\u00e9 2024\/2025, iniciar as obras para que o terminal de cont\u00eaineres, que criar\u00e1 diversos empregos, possa ter suas atividades em funcionamento a partir de 2026.\u00a0Leonardo Levy, diretor da Maersk nas Am\u00e9ricas, tamb\u00e9m realizou discurso e agradeceu o apoio do estado de Pernambuco, do governador e da comunidade local.<\/p>\n<p>Pelo per\u00edodo de dois anos, foram diversas discuss\u00f5es at\u00e9 que fosse alcan\u00e7ado um projeto positivo para todos. Esse projeto foi essencial, mas continuar\u00e1 sendo importante para que o terminal de cont\u00eaineres saia do papel.<\/p>\n<h2>Conhe\u00e7a a Maersk<\/h2>\n<p>A expans\u00e3o da complexidade nas cadeias de suprimentos globais est\u00e1 tornando-as vulner\u00e1veis, ineficientes e insustent\u00e1veis. Sendo assim, a Maersk tem como vis\u00e3o estrat\u00e9gia se tornar o integrador global, disponibilizando solu\u00e7\u00f5es log\u00edsticas totalmente integradas que conectam, simplificam e protegem as cadeias de suprimentos de seus clientes.<\/p>\n<p>Seus valores lhe inspiram a fazer melhor em um mundo de constantes mudan\u00e7as.\u00a0Seu prop\u00f3sito serve como guia para seu trabalho rumo a um mundo onde o com\u00e9rcio global distribui benef\u00edcios econ\u00f4micos e sociais, sem impactar negativamente indiv\u00edduos, meio ambiente ou comunidades.<\/p>\n<p>A Maersk conta com mais de 100 mil colaboradores, presentes em mais de 67 pa\u00edses, e terminais em 42. S\u00e3o mais de 3 milh\u00f5es de capacidade de armazenamento SQM em todo o mundo. Al\u00e9m disso, a empresa conta com mais de 730 navios porta-contentores implantados, com mais de 3 bilh\u00f5es de eventos de neg\u00f3cios.<\/p>\n<p>Fonte: Click Petr\u00f3leo e G\u00e1s<\/p>\n","protected":false},"excerpt":{"rendered":"<p>O novo terminal de cont\u00eaineres da Maersk no estado de Pernambuco promete gerar mais de 10 mil novos empregos. Nesta quinta-feira (1), o\u00a0Porto de Suape\u00a0tornou&#8230;<\/p>\n","protected":false},"author":1527,"featured_media":41212,"comment_status":"closed","ping_status":"closed","sticky":false,"template":"","format":"standard","meta":{"footnotes":""},"categories":[6],"tags":[],"class_list":["post-41211","post","type-post","status-publish","format-standard","has-post-thumbnail","hentry","category-noticias"],"_links":{"self":[{"href":"https:\/\/www.sincomam.org.br\/index.php\/wp-json\/wp\/v2\/posts\/41211","targetHints":{"allow":["GET"]}}],"collection":[{"href":"https:\/\/www.sincomam.org.br\/index.php\/wp-json\/wp\/v2\/posts"}],"about":[{"href":"https:\/\/www.sincomam.org.br\/index.php\/wp-json\/wp\/v2\/types\/post"}],"author":[{"embeddable":true,"href":"https:\/\/www.sincomam.org.br\/index.php\/wp-json\/wp\/v2\/users\/1527"}],"replies":[{"embeddable":true,"href":"https:\/\/www.sincomam.org.br\/index.php\/wp-json\/wp\/v2\/comments?post=41211"}],"version-history":[{"count":1,"href":"https:\/\/www.sincomam.org.br\/index.php\/wp-json\/wp\/v2\/posts\/41211\/revisions"}],"predecessor-version":[{"id":41213,"href":"https:\/\/www.sincomam.org.br\/index.php\/wp-json\/wp\/v2\/posts\/41211\/revisions\/41213"}],"wp:featuredmedia":[{"embeddable":true,"href":"https:\/\/www.sincomam.org.br\/index.php\/wp-json\/wp\/v2\/media\/41212"}],"wp:attachment":[{"href":"https:\/\/www.sincomam.org.br\/index.php\/wp-json\/wp\/v2\/media?parent=41211"}],"wp:term":[{"taxonomy":"category","embeddable":true,"href":"https:\/\/www.sincomam.org.br\/index.php\/wp-json\/wp\/v2\/categories?post=41211"},{"taxonomy":"post_tag","embeddable":true,"href":"https:\/\/www.sincomam.org.br\/index.php\/wp-json\/wp\/v2\/tags?post=41211"}],"curies":[{"name":"wp","href":"https:\/\/api.w.org\/{rel}","templated":true}]}}