{"id":41208,"date":"2022-09-05T09:53:48","date_gmt":"2022-09-05T12:53:48","guid":{"rendered":"http:\/\/www.sincomam.org.br\/?p=41208"},"modified":"2022-09-05T09:53:48","modified_gmt":"2022-09-05T12:53:48","slug":"marinha-participa-do-7-de-setembro-com-parada-naval-no-litoral-do-rio","status":"publish","type":"post","link":"https:\/\/www.sincomam.org.br\/index.php\/marinha-participa-do-7-de-setembro-com-parada-naval-no-litoral-do-rio\/","title":{"rendered":"Marinha participa do 7 de Setembro com parada naval no litoral do Rio"},"content":{"rendered":"<p>O 7\u00a0de Setembro\u00a0deste ano est\u00e1 repleto de hist\u00f3ria. S\u00e3o 200 anos de Brasil independente de Portugal, mote que est\u00e1 orientando o desfile c\u00edvico-militar na Esplanada dos Minist\u00e9rios, em Bras\u00edlia, na pr\u00f3xima\u00a0quarta-feira (7), pela manh\u00e3.<img decoding=\"async\" src=\"https:\/\/agenciabrasil.ebc.com.br\/ebc.png?id=1480407&amp;o=node\" \/><img decoding=\"async\" src=\"https:\/\/agenciabrasil.ebc.com.br\/ebc.gif?id=1480407&amp;o=node\" \/><\/p>\n<p>A Marinha do Brasil \u00e9 uma das For\u00e7as Armadas que tradicionalmente participa do desfile. Detalhes\u00a0foram antecipados pelo contra-almirante Gustavo Calero Garriga Pires, comandante de Opera\u00e7\u00f5es Mar\u00edtimas e Prote\u00e7\u00e3o da Amaz\u00f4nia Azul, o entrevistado deste\u00a0domingo\u00a0do programa\u00a0<em>Brasil em Pauta<\/em>, da\u00a0<strong>TV Brasil<\/strong>.<\/p>\n<p>O contra-almirante destacou a parada Naval da Marinha, no Rio\u00a0de Janeiro. \u201cN\u00f3s teremos\u00a0tamb\u00e9m, neste\u00a07 de Setembro, uma parada naval com nossos navios\u00a0da esquadra brasileira e de guerra\u00a0de marinhas amigas, que\u00a0foram convidadas para a celebra\u00e7\u00e3o. A parada naval vai ocorrer no mesmo dia no litoral da cidade do Rio\u00a0de Janeiro, come\u00e7ando no in\u00edcio da manh\u00e3, no Recreio dos Bandeirantes, e seguindo por toda a orla at\u00e9 a praia do Leme\u2019\u2019.<\/p>\n<h2>Amaz\u00f4nia Azul<\/h2>\n<p>Al\u00e9m da\u00a0participa\u00e7\u00e3o da Marinha nas comemora\u00e7\u00f5es dos 200 anos da Independ\u00eancia do Brasil, o contra-almirante Pires detalhou, durante o\u00a0<em>Brasil em Pauta<\/em>, o pleito do Brasil,\u00a0junto ao Conselho de Limites da Plataforma Continental da ONU, de ampliar a extens\u00e3o da Amaz\u00f4nia Azul.<\/p>\n<p>Rica em recursos naturais e minerais como o petr\u00f3leo do pr\u00e9-sal, a Amaz\u00f4nia Azul assemelha-se a uma &#8220;moldura&#8221; da costa brasileira, em dire\u00e7\u00e3o ao Oceano Atl\u00e2ntico. S\u00f3 que esta \u201cmoldura&#8221; tem atualmente 3,5 milh\u00f5es de\u00a0quil\u00f4metros quadrados\u00a0(km\u00b2) e o governo brasileiro quer adicionar mais 2,2 milh\u00f5es\u00a0de\u00a0km\u00b2\u00a0ao espa\u00e7o marinho, pleito que, se for aceito pelas Na\u00e7\u00f5es Unidas, elevar\u00e1 a jurisdi\u00e7\u00e3o brasileira sobre uma regi\u00e3o mar\u00edtima de 5,7 milh\u00f5es de\u00a0km\u00b2.<\/p>\n<p>\u201cEstamos falando de dimens\u00f5es que v\u00e3o, normalmente, com algumas exce\u00e7\u00f5es, a cerca de 400 quil\u00f4metros da costa. Ent\u00e3o,\u00a0contando a partir da costa, \u00e9 basicamente isso,\u00a0o espa\u00e7o geogr\u00e1fico em que consideramos, que denominamos Amaz\u00f4nia Azul, cheia de riquezas, cheio de possibilidades.\u00a0Se\u00a0a gente contar sob o ponto de vista econ\u00f4mico\u00a0e de v\u00e1rios outros pontos de vista tamb\u00e9m, \u00e9 de uma riqueza sem igual para o nosso pa\u00eds.\u201d<\/p>\n<p>A amplia\u00e7\u00e3o da Amaz\u00f4nia Azul pode\u00a0ter\u00a0impactos econ\u00f4micos para o Brasil que v\u00e3o al\u00e9m dos hidrocarbonetos, no caso, o petr\u00f3leo do pr\u00e9-sal. Segundo a Organiza\u00e7\u00e3o para a Coopera\u00e7\u00e3o e o Desenvolvimento Econ\u00f4mico (OCDE), a atividade econ\u00f4mica no mar vai movimentar US$ 3 trilh\u00f5es e gerar mais de 40 milh\u00f5es de empregos no mundo at\u00e9 2030. Mas a gest\u00e3o dessa \u00e1rea mar\u00edtima tamb\u00e9m traz desafios e amea\u00e7as para a Marinha brasileira, como relatou o contra-almirante Calero Garriga Pires.<\/p>\n<p>\u201cIdentificamos amea\u00e7as cibern\u00e9ticas\u00a0que podem interferir, por exemplo, no tr\u00e1fego mar\u00edtimo, o pr\u00f3prio terrorismo. Lembrar que n\u00f3s temos infraestruturas cr\u00edticas fundamentais na nossa Amaz\u00f4nia Azul. Acesso ilegal \u00e0 biodiversidade, o meio ambiente \u00e9 uma grande preocupa\u00e7\u00e3o nossa. Ent\u00e3o h\u00e1 efetivamente\u00a0uma s\u00e9rie de amea\u00e7as, e a Marinha trabalha dia e noite, 24 horas por dia, sete dias por semana, para estar a altura dessas amea\u00e7as e se contrapor a elas\u2019\u2019.<\/p>\n<h2>Opera\u00e7\u00f5es<\/h2>\n<p>Ainda para o\u00a0<em>Brasil em Pauta<\/em>, Pires falou sobre o salvamento e resgate de pessoas e as a\u00e7\u00f5es de interoperabilidade com outras estruturas de seguran\u00e7a na costa do pa\u00eds.<\/p>\n<p>Segundo ele, cerca de 300 pessoas j\u00e1 foram resgatadas neste ano em a\u00e7\u00f5es de busca e salvamento na costa brasileira. Opera\u00e7\u00f5es conjuntas tamb\u00e9m est\u00e3o apresentando resultados, como a apreens\u00e3o de drogas efetuada pela Marinha e a Pol\u00edcia Federal, em\u00a019 de agosto, no litoral cearense.<\/p>\n<p>Na costa do Cear\u00e1, um navio de guerra da Marinha do Brasil interceptou uma embarca\u00e7\u00e3o de bandeira brasileira que tinha mais de uma tonelada de pasta base de coca\u00edna com agentes da Pol\u00edcia Federal embarcados, ou seja, n\u00f3s desenvolvemos a nossa opera\u00e7\u00e3o em conjunto, neste caso, com a Pol\u00edcia Federal em prol de coibir o tr\u00e1fico internacional de drogas.<\/p>\n<p>Fonte: Ag\u00eancia Brasil<\/p>\n","protected":false},"excerpt":{"rendered":"<p>O 7\u00a0de Setembro\u00a0deste ano est\u00e1 repleto de hist\u00f3ria. S\u00e3o 200 anos de Brasil independente de Portugal, mote que est\u00e1 orientando o desfile c\u00edvico-militar na Esplanada&#8230;<\/p>\n","protected":false},"author":1527,"featured_media":41209,"comment_status":"closed","ping_status":"closed","sticky":false,"template":"","format":"standard","meta":{"footnotes":""},"categories":[6],"tags":[],"class_list":["post-41208","post","type-post","status-publish","format-standard","has-post-thumbnail","hentry","category-noticias"],"_links":{"self":[{"href":"https:\/\/www.sincomam.org.br\/index.php\/wp-json\/wp\/v2\/posts\/41208","targetHints":{"allow":["GET"]}}],"collection":[{"href":"https:\/\/www.sincomam.org.br\/index.php\/wp-json\/wp\/v2\/posts"}],"about":[{"href":"https:\/\/www.sincomam.org.br\/index.php\/wp-json\/wp\/v2\/types\/post"}],"author":[{"embeddable":true,"href":"https:\/\/www.sincomam.org.br\/index.php\/wp-json\/wp\/v2\/users\/1527"}],"replies":[{"embeddable":true,"href":"https:\/\/www.sincomam.org.br\/index.php\/wp-json\/wp\/v2\/comments?post=41208"}],"version-history":[{"count":1,"href":"https:\/\/www.sincomam.org.br\/index.php\/wp-json\/wp\/v2\/posts\/41208\/revisions"}],"predecessor-version":[{"id":41210,"href":"https:\/\/www.sincomam.org.br\/index.php\/wp-json\/wp\/v2\/posts\/41208\/revisions\/41210"}],"wp:featuredmedia":[{"embeddable":true,"href":"https:\/\/www.sincomam.org.br\/index.php\/wp-json\/wp\/v2\/media\/41209"}],"wp:attachment":[{"href":"https:\/\/www.sincomam.org.br\/index.php\/wp-json\/wp\/v2\/media?parent=41208"}],"wp:term":[{"taxonomy":"category","embeddable":true,"href":"https:\/\/www.sincomam.org.br\/index.php\/wp-json\/wp\/v2\/categories?post=41208"},{"taxonomy":"post_tag","embeddable":true,"href":"https:\/\/www.sincomam.org.br\/index.php\/wp-json\/wp\/v2\/tags?post=41208"}],"curies":[{"name":"wp","href":"https:\/\/api.w.org\/{rel}","templated":true}]}}