{"id":41200,"date":"2022-09-02T11:42:06","date_gmt":"2022-09-02T14:42:06","guid":{"rendered":"http:\/\/www.sincomam.org.br\/?p=41200"},"modified":"2022-09-02T11:42:06","modified_gmt":"2022-09-02T14:42:06","slug":"empresa-oceanica-prorroga-eleicao-da-cipa-gestao-2022-2023","status":"publish","type":"post","link":"https:\/\/www.sincomam.org.br\/index.php\/empresa-oceanica-prorroga-eleicao-da-cipa-gestao-2022-2023\/","title":{"rendered":"Empresa Oce\u00e2nica prorroga elei\u00e7\u00e3o da Cipa gest\u00e3o 2022\/2023"},"content":{"rendered":"<p>Em cumprimento aos preceitos legais do Minist\u00e9rio do Trabalho e Emprego \u2013 MTE, a Comiss\u00e3o Eleitoral \u2013 CE, legalmente constitu\u00edda, estabelece os seguintes procedimentos para a organiza\u00e7\u00e3o e acompanhamento do processo eleitoral dos representantes dos empregados para<br \/>\na CIPA &#8211; Gest\u00e3o 2022\/2023.<\/p>\n<p style=\"text-align: center;\"><strong>Data da Elei\u00e7\u00e3o<\/strong><\/p>\n<p>A elei\u00e7\u00e3o foi programada para ser realizada em escrut\u00ednio secreto, no dia 01 de setembro de 2022 na Matriz Base ZEN e Base Maca\u00e9 por urna fixa ou via e-mail das 08h00 \u00e0s 17h00, por\u00e9m devida nos ter atingido a participa\u00e7\u00e3o m\u00ednima de cinquenta por cento dos empregados na<br \/>\nvota\u00e7\u00e3o, ser\u00e1 prorrogada at\u00e9 o dia 02 de setembro de 2022 computando os votos j\u00e1 registrados.<\/p>\n<p>Constatada a participa\u00e7\u00e3o inferior a um ter\u00e7o dos empregados no segundo dia de vota\u00e7\u00e3o, n\u00e3o haver\u00e1 a apura\u00e7\u00e3o dos votos e a vota\u00e7\u00e3o ser\u00e1 prorrogada para o dia 05 de setembro de 2022, computando-se os votos j\u00e1 registrados nos dias anteriores, a qual ser\u00e1 considerada v\u00e1lida<br \/>\ncom a participa\u00e7\u00e3o de qualquer n\u00famero de empregados.<\/p>\n<p style=\"text-align: center;\"><strong>Votos Brancos e Nulos<\/strong><\/p>\n<p>N\u00e3o ser\u00e3o considerados v\u00e1lidos os votos que:<br \/>\n&#8211; estiverem em branco,<br \/>\n&#8211; indiquem mais de 01 (um) candidato,<br \/>\n&#8211; tenham inscritos palavras ou textos al\u00e9m dos indicativos do candidato votado.<\/p>\n<p style=\"text-align: center;\"><strong>Guarda e Apura\u00e7\u00e3o dos Votos<\/strong><\/p>\n<p>A apura\u00e7\u00e3o dos votos ser\u00e1 iniciada no dia 05 de setembro de 2022 \u00e0s 10h. Podendo ser prorrogada para o dia 06 de setembro de 2022 caso de nova prorroga\u00e7\u00e3o. A apura\u00e7\u00e3o dos votos ser\u00e1 feita com a presen\u00e7a de qualquer funcion\u00e1rio interessado. A guarda dos documentos referentes ao processo eleitoral, bem como a urna de vota\u00e7\u00e3o, \u00e9 de responsabilidade da Comiss\u00e3o Eleitoral.<\/p>\n<p style=\"text-align: center;\"><strong>Publica\u00e7\u00e3o dos Resultados<\/strong><\/p>\n<p>Os resultados oficiais ser\u00e3o publicados atrav\u00e9s da intranet e tamb\u00e9m ser\u00e3o afixados nos murais de comunica\u00e7\u00e3o.<\/p>\n","protected":false},"excerpt":{"rendered":"<p>Em cumprimento aos preceitos legais do Minist\u00e9rio do Trabalho e Emprego \u2013 MTE, a Comiss\u00e3o Eleitoral \u2013 CE, legalmente constitu\u00edda, estabelece os seguintes procedimentos para&#8230;<\/p>\n","protected":false},"author":1527,"featured_media":41077,"comment_status":"closed","ping_status":"closed","sticky":false,"template":"","format":"standard","meta":{"footnotes":""},"categories":[6],"tags":[],"class_list":["post-41200","post","type-post","status-publish","format-standard","has-post-thumbnail","hentry","category-noticias"],"_links":{"self":[{"href":"https:\/\/www.sincomam.org.br\/index.php\/wp-json\/wp\/v2\/posts\/41200","targetHints":{"allow":["GET"]}}],"collection":[{"href":"https:\/\/www.sincomam.org.br\/index.php\/wp-json\/wp\/v2\/posts"}],"about":[{"href":"https:\/\/www.sincomam.org.br\/index.php\/wp-json\/wp\/v2\/types\/post"}],"author":[{"embeddable":true,"href":"https:\/\/www.sincomam.org.br\/index.php\/wp-json\/wp\/v2\/users\/1527"}],"replies":[{"embeddable":true,"href":"https:\/\/www.sincomam.org.br\/index.php\/wp-json\/wp\/v2\/comments?post=41200"}],"version-history":[{"count":1,"href":"https:\/\/www.sincomam.org.br\/index.php\/wp-json\/wp\/v2\/posts\/41200\/revisions"}],"predecessor-version":[{"id":41201,"href":"https:\/\/www.sincomam.org.br\/index.php\/wp-json\/wp\/v2\/posts\/41200\/revisions\/41201"}],"wp:featuredmedia":[{"embeddable":true,"href":"https:\/\/www.sincomam.org.br\/index.php\/wp-json\/wp\/v2\/media\/41077"}],"wp:attachment":[{"href":"https:\/\/www.sincomam.org.br\/index.php\/wp-json\/wp\/v2\/media?parent=41200"}],"wp:term":[{"taxonomy":"category","embeddable":true,"href":"https:\/\/www.sincomam.org.br\/index.php\/wp-json\/wp\/v2\/categories?post=41200"},{"taxonomy":"post_tag","embeddable":true,"href":"https:\/\/www.sincomam.org.br\/index.php\/wp-json\/wp\/v2\/tags?post=41200"}],"curies":[{"name":"wp","href":"https:\/\/api.w.org\/{rel}","templated":true}]}}