{"id":41190,"date":"2022-09-02T10:56:27","date_gmt":"2022-09-02T13:56:27","guid":{"rendered":"http:\/\/www.sincomam.org.br\/?p=41190"},"modified":"2022-09-02T10:56:27","modified_gmt":"2022-09-02T13:56:27","slug":"submarino-riachuelo-reforca-a-soberania-do-pais-na-amazonia-azul","status":"publish","type":"post","link":"https:\/\/www.sincomam.org.br\/index.php\/submarino-riachuelo-reforca-a-soberania-do-pais-na-amazonia-azul\/","title":{"rendered":"Submarino \u201cRiachuelo\u201d refor\u00e7a a soberania do Pa\u00eds na Amaz\u00f4nia Azul"},"content":{"rendered":"<p class=\"rtejustify\">Revolucionando a tecnologia brasileira e a ind\u00fastria naval, o Programa de Desenvolvimento de Submarinos (PROSUB) representa um significativo avan\u00e7o tecnol\u00f3gico no Pa\u00eds, pautado em capital intelectual, engenharia sens\u00edvel e tecnologia de ponta, al\u00e9m de incentivar a pol\u00edtica de defesa, impulsionar a capacita\u00e7\u00e3o de pessoal e fortalecer a soberania nacional. Um importante avan\u00e7o do PROSUB foi a Mostra de Armamento do Submarino (S40) \u201cRiachuelo\u201d, realizada hoje (1\u00b0), no munic\u00edpio de Itagua\u00ed (RJ).<\/p>\n<p class=\"rtejustify\">O \u201cRiachuelo\u201d \u00e9 o primeiro da classe dos quatro submarinos convencionais com propuls\u00e3o diesel-el\u00e9trica, que permitir\u00e3o maior poder de dissuas\u00e3o nos 5,7 milh\u00f5es de\u00a0km\u00b2\u00a0da\u00a0Amaz\u00f4nia Azul, cuja riqueza das \u00e1guas, do leito e do subsolo marinho s\u00e3o importantes para o desenvolvimento econ\u00f4mico, cient\u00edfico e ambiental. \u00c9 nessa \u00e1rea mar\u00edtima que os brasileiros desenvolvem atividades pesqueiras, por onde trafegam 95% do com\u00e9rcio exterior brasileiro e exploram recursos biol\u00f3gicos e minerais.<\/p>\n<p class=\"rtejustify\">Para proteger esse patrim\u00f4nio e garantir a soberania brasileira no mar, a Marinha do Brasil (MB) investe na expans\u00e3o da for\u00e7a naval, como \u00e9 o caso do S40, um importante elemento surpresa indispens\u00e1vel para negar o acesso de embarca\u00e7\u00f5es inimigas em territ\u00f3rio nacional, aumentando o poder dissuas\u00f3rio das For\u00e7as Armadas brasileiras. Para atingir esse efeito, esse tipo de navio se vale de suas caracter\u00edsticas particulares, notadamente, a capacidade de oculta\u00e7\u00e3o e o poder de causar danos a for\u00e7as navais advers\u00e1rias.<\/p>\n<p class=\"rtejustify\">Presente ao evento, o Ministro da Defesa, Paulo S\u00e9rgio Nogueira de Oliveira, destacou que a hist\u00f3ria do Brasil evidencia a participa\u00e7\u00e3o da MB em diversas passagens decisivas para a forma\u00e7\u00e3o da nacionalidade brasileira e que a entrega do novo meio naval constru\u00eddo no Brasil permite incrementar a capacidade de defesa na \u00e1rea mar\u00edtima conhecida como Amaz\u00f4nia Azul.\u00a0\u201cO Programa de Desenvolvimento de Submarinos \u00e9 de import\u00e2ncia estrat\u00e9gica para o Pa\u00eds. A constru\u00e7\u00e3o desses novos submarinos no \u00e2mbito do PROSUB cumpre dois grandes objetivos: o aprimoramento da capacidade operacional de nossa Marinha com a consider\u00e1vel eleva\u00e7\u00e3o de seu poder dissuas\u00f3rio e a amplia\u00e7\u00e3o da prote\u00e7\u00e3o de suas \u00e1guas jurisdicionais alcan\u00e7ando uma presen\u00e7a mais efetiva no Atl\u00e2ntico Sul e ainda o incremento de nossa ind\u00fastria naval e o desenvolvimento de novas tecnologias, contribuindo para o fomento da economia nacional com a cria\u00e7\u00e3o de milhares de empregos diretos e indiretos\u201d.<\/p>\n<p class=\"rtejustify\">De acordo com o Comandante de Opera\u00e7\u00f5es Navais, Almirante de Esquadra Marcos Sampaio Olsen, a For\u00e7a de Submarinos conta, a partir de agora, com uma classe de submarinos mais silenciosos e letais, preparada para atuar em prol da garantia da soberania do Estado brasileiro. \u201cCaracter\u00edsticas como alta taxa de discri\u00e7\u00e3o, aumento da capacidade de detec\u00e7\u00e3o e do tempo de perman\u00eancia em zona de patrulha, al\u00e9m da precis\u00e3o e da densidade na aquisi\u00e7\u00e3o de dados em opera\u00e7\u00f5es de esclarecimento e ataque, fazem da chegada do Submarino \u2018Riachuelo\u2019 um dos momentos mais esperados dos \u00faltimos anos\u201d.<\/p>\n<p class=\"rtejustify\">Para o Comandante do Submarino \u201cRiachuelo\u201d, Capit\u00e3o de Fragata Edson do Vale Freitas, \u201cas capacidades operativas do S40 o credenciam para a redu\u00e7\u00e3o do controle exercido pelo oponente, facilitando a atua\u00e7\u00e3o das demais for\u00e7as. Permite, ainda, realizar minagem, opera\u00e7\u00f5es de intelig\u00eancia e resgate ou infiltra\u00e7\u00e3o de elementos de opera\u00e7\u00f5es especiais em \u00e1guas inimigas\u201d.<\/p>\n<p class=\"rtejustify\"><strong>Submarinos Classe \u201cRiachuelo\u201d<\/strong><\/p>\n<p class=\"rtejustify\">Devido \u00e0s diversas tecnologias e inova\u00e7\u00f5es, os submarinos Classe \u201cRiachuelo\u201d (S-BR) s\u00e3o mais vers\u00e1teis que os submarinos Classe \u201cTupi\u201d (\u201cTupi\u201d, \u201cTamoio\u201d, \u201cTimbira\u201d e \u201cTapaj\u00f3\u201d) e s\u00e3o considerados operativamente superiores a diversos submarinos dispon\u00edveis atualmente no mundo.<\/p>\n<p class=\"rtejustify\">Eles contam com sensores avan\u00e7ados &#8211; como o conjunto de sonares e os perisc\u00f3pios com c\u00e2meras para vis\u00e3o noturna -, al\u00e9m de um sistema de gerenciamento de combate dotado de modernos e complexos algoritmos, que permitem ao submarino detectar e classificar alvos a longas dist\u00e2ncias. Os S-BR contam, tamb\u00e9m, com maior autonomia que seu ascendente da Classe \u201cScorp\u00e8ne\u201d, devido a uma altera\u00e7\u00e3o no projeto que incluiu uma se\u00e7\u00e3o intermedi\u00e1ria para aumento das acomoda\u00e7\u00f5es e dos tanques de \u00e1gua.<\/p>\n<p class=\"rtejustify\">Por meio de um processo de transfer\u00eancia de tecnologia, a constru\u00e7\u00e3o dos S-BR est\u00e1 sendo realizada por m\u00e3o de obra brasileira (engenheiros e t\u00e9cnicos) contando com a assist\u00eancia t\u00e9cnica de franceses da empresa\u00a0<em>Naval Group<\/em>. O Programa de Nacionaliza\u00e7\u00e3o j\u00e1 qualificou cerca de quarenta empresas brasileiras para a fabrica\u00e7\u00e3o de componentes do submarino, em mais de cem projetos, sendo os principais deles: a fabrica\u00e7\u00e3o das v\u00e1lvulas de \u00e1gua salgada pela empresa Micromazza, a fabrica\u00e7\u00e3o das baterias pela empresa\u00a0<em>NewPower<\/em>\u00a0e a fabrica\u00e7\u00e3o do Mancal de Escora pela empresa Miba.<\/p>\n<p class=\"rtejustify\">Para a constru\u00e7\u00e3o dos submarinos brasileiros convencionais e, no futuro, do Submarino Convencionalmente Armado com Propuls\u00e3o Nuclear \u201c\u00c1lvaro Alberto\u201d, foi constru\u00eddo em Itagua\u00ed um complexo naval que possui diversas instala\u00e7\u00f5es, equipamentos e sistemas especializados. Hoje, ele \u00e9 um dos mais modernos estaleiros de constru\u00e7\u00e3o naval existentes, j\u00e1 que a constru\u00e7\u00e3o de submarinos exige m\u00e3o de obra altamente qualificada e um parque industrial equipado, de modo a possibilitar a execu\u00e7\u00e3o das diversas atividades de fabrica\u00e7\u00e3o, comissionamento e testes. Tudo isso exige a integra\u00e7\u00e3o de tecnologias sofisticadas, seguindo rigorosas normas e padr\u00f5es de qualidade e seguran\u00e7a.<\/p>\n<p class=\"rtejustify\"><strong>Capacita\u00e7\u00e3o da primeira tripula\u00e7\u00e3o<\/strong><\/p>\n<p class=\"rtejustify\">Os treinamentos da primeira tripula\u00e7\u00e3o duraram cerca de dois anos e quatro meses e foram divididos em tr\u00eas etapas: preliminar, em terra e a bordo. Na capacita\u00e7\u00e3o preliminar, a tripula\u00e7\u00e3o foi submetida a exames te\u00f3ricos e entrevistas individuais. Tamb\u00e9m foi elaborado um Plano de Capacita\u00e7\u00e3o Preliminar, executado pelo Centro de Instru\u00e7\u00e3o e Adestramento Almirante \u00c1ttila Monteiro Ach\u00e9.<\/p>\n<p class=\"rtejustify\">As fases de capacita\u00e7\u00e3o em terra e a bordo foram realizadas por instrutores da\u00a0<em>D\u00e9fense Conseil International<\/em>, que \u00e9 uma empresa parceira do Minist\u00e9rio da Defesa franc\u00eas, respons\u00e1vel pela transfer\u00eancia internacional do seu\u00a0<em>know-how<\/em>\u00a0militar para as For\u00e7as Armadas dos pa\u00edses amigos. \u201cNos qualificamos nos diversos sistemas do submarino e realizamos exerc\u00edcios, com prop\u00f3sito de tornar a tripula\u00e7\u00e3o aut\u00f4noma na condu\u00e7\u00e3o segura do meio. No mar, foram feitos treinamentos voltados para a condu\u00e7\u00e3o do \u2018Riachuelo\u2019 e controle de avarias, de modo que todos tivessem a capacidade de exercer suas fun\u00e7\u00f5es com seguran\u00e7a e destreza\u201d, refor\u00e7a o Comandante do S40.<\/p>\n<p class=\"rtejustify\">\u201cLan\u00e7ado ao mar pela primeira vez em dezembro de 2018 e tendo executado sua imers\u00e3o est\u00e1tica em novembro de 2019, o Submarino \u2018Riachuelo\u2019 foi submetido, desde ent\u00e3o, a um extenso programa de testes de aceita\u00e7\u00e3o no mar, na superf\u00edcie e em imers\u00e3o, para que hoje pudesse ganhar sua alma &#8211; uma tripula\u00e7\u00e3o experiente, aprestada e motivada que tamb\u00e9m se preparou diligentemente para receb\u00ea-lo e para garantir o cumprimento de sua miss\u00e3o\u201d, destacou o Chefe do Estado-Maior da Armada, Almirante de Esquadra Renato Rodrigues de Aguiar Freire.<\/p>\n<p class=\"rtejustify\">Ap\u00f3s a Mostra de Armamento, o Submarino \u201cRiachuelo\u201d ser\u00e1 submetido \u00e0 Comiss\u00e3o de Inspe\u00e7\u00e3o e Assessoria de Adestramento, que lhe garantir\u00e1 a capacidade plena de emprego. Em seguida, cumprir\u00e1 Avalia\u00e7\u00e3o Operacional, processo importante para o estabelecimento de par\u00e2metros de opera\u00e7\u00e3o, que servir\u00e3o de base para todas as unidades da classe, previstas no escopo do PROSUB.<\/p>\n<p class=\"rtejustify\">A popula\u00e7\u00e3o poder\u00e1 ver o novo meio naval durante a Parada Naval e Aeronaval, que ocorrer\u00e1 na orla do Rio de Janeiro (RJ), no dia 7 de setembro. Durante o evento, tr\u00eas aeronaves e 20 navios da MB e de outros pa\u00edses convidados para as\u00a0comemora\u00e7\u00f5es do Bicenten\u00e1rio da Independ\u00eancia\u00a0percorrer\u00e3o a orla, a partir das 9h30, com in\u00edcio na praia do Recreio e t\u00e9rmino no Forte de Copacabana.<\/p>\n<p class=\"rtejustify\"><strong>Caracter\u00edsticas b\u00e1sicas do \u201cRiachuelo\u201d<\/strong><\/p>\n<p class=\"rtejustify\">O Submarino \u201cRiachuelo\u201d possui um comprimento total de 70,62 metros, di\u00e2metro de casco de 6,2 metros, deslocamento na superf\u00edcie de 1.740 toneladas e deslocamento em imers\u00e3o de 1.900 toneladas. Seu sistema de combate \u00e9 dotado de seis tubos lan\u00e7adores de armas, com capacidade para lan\u00e7amento de torpedos eletroac\u00fasticos pesados, m\u00edsseis t\u00e1ticos do tipo submarino-superf\u00edcie e minas de fundo.<\/p>\n<p class=\"rtejustify\">O \u201cRiachuelo\u201d ser\u00e1 o s\u00e9timo navio da Marinha a receber este nome, em homenagem \u00e0 Batalha Naval do Riachuelo, ocorrida em 11 de junho de 1865, durante a Guerra da Tr\u00edplice Alian\u00e7a. Al\u00e9m do Submarino \u201cRiachuelo\u201d, a MB possui os Submarinos \u201cTupi\u201d, \u201cTamoio\u201d, \u201cTimbira\u201d e \u201cTapaj\u00f3\u201d, da Classe \u201cTupi\u201d, e o Submarino \u201cTikuna\u201d, da Classe de mesmo nome.<\/p>\n<p>Fonte: Ag\u00eancia Marinha de Not\u00edcias<\/p>\n","protected":false},"excerpt":{"rendered":"<p>Revolucionando a tecnologia brasileira e a ind\u00fastria naval, o Programa de Desenvolvimento de Submarinos (PROSUB) representa um significativo avan\u00e7o tecnol\u00f3gico no Pa\u00eds, pautado em capital&#8230;<\/p>\n","protected":false},"author":1527,"featured_media":41191,"comment_status":"closed","ping_status":"closed","sticky":false,"template":"","format":"standard","meta":{"footnotes":""},"categories":[6],"tags":[],"class_list":["post-41190","post","type-post","status-publish","format-standard","has-post-thumbnail","hentry","category-noticias"],"_links":{"self":[{"href":"https:\/\/www.sincomam.org.br\/index.php\/wp-json\/wp\/v2\/posts\/41190","targetHints":{"allow":["GET"]}}],"collection":[{"href":"https:\/\/www.sincomam.org.br\/index.php\/wp-json\/wp\/v2\/posts"}],"about":[{"href":"https:\/\/www.sincomam.org.br\/index.php\/wp-json\/wp\/v2\/types\/post"}],"author":[{"embeddable":true,"href":"https:\/\/www.sincomam.org.br\/index.php\/wp-json\/wp\/v2\/users\/1527"}],"replies":[{"embeddable":true,"href":"https:\/\/www.sincomam.org.br\/index.php\/wp-json\/wp\/v2\/comments?post=41190"}],"version-history":[{"count":1,"href":"https:\/\/www.sincomam.org.br\/index.php\/wp-json\/wp\/v2\/posts\/41190\/revisions"}],"predecessor-version":[{"id":41192,"href":"https:\/\/www.sincomam.org.br\/index.php\/wp-json\/wp\/v2\/posts\/41190\/revisions\/41192"}],"wp:featuredmedia":[{"embeddable":true,"href":"https:\/\/www.sincomam.org.br\/index.php\/wp-json\/wp\/v2\/media\/41191"}],"wp:attachment":[{"href":"https:\/\/www.sincomam.org.br\/index.php\/wp-json\/wp\/v2\/media?parent=41190"}],"wp:term":[{"taxonomy":"category","embeddable":true,"href":"https:\/\/www.sincomam.org.br\/index.php\/wp-json\/wp\/v2\/categories?post=41190"},{"taxonomy":"post_tag","embeddable":true,"href":"https:\/\/www.sincomam.org.br\/index.php\/wp-json\/wp\/v2\/tags?post=41190"}],"curies":[{"name":"wp","href":"https:\/\/api.w.org\/{rel}","templated":true}]}}