{"id":4119,"date":"2014-03-12T08:21:00","date_gmt":"2014-03-12T11:21:00","guid":{"rendered":"http:\/\/www.sincomam.org.br\/?p=4119"},"modified":"2014-03-11T18:33:12","modified_gmt":"2014-03-11T21:33:12","slug":"para-evitar-vaias-abertura-da-copa-nao-tera-discursos-diz-blatter","status":"publish","type":"post","link":"https:\/\/www.sincomam.org.br\/index.php\/para-evitar-vaias-abertura-da-copa-nao-tera-discursos-diz-blatter\/","title":{"rendered":"Para evitar vaias, abertura da Copa n\u00e3o ter\u00e1 discursos, diz Blatter"},"content":{"rendered":"<p>Em entrevista \u00e0 ag\u00eancia de not\u00edcias alem\u00e3 DPA, o presidente da Fifa, Joseph Blatter, informou que a abertura da Copa do Mundo, em 12 de junho, n\u00e3o ter\u00e1 discursos. O motivo, explica o dirigente, \u00e9 a preocupa\u00e7\u00e3o com poss\u00edveis vaias, como aconteceu na Copa das Confedera\u00e7\u00f5es.<\/p>\n<p>&#8211; Vamos fazer a cerim\u00f4nia de uma maneira em que n\u00e3o aconte\u00e7am discursos &#8211; declarou Blatter.<\/p>\n<p>O presidente da Fifa comentou que a situa\u00e7\u00e3o no pa\u00eds est\u00e1 mais tranquila, mas acrescentou que n\u00e3o \u00e9 &#8220;profeta&#8221; para saber se haver\u00e1 ou n\u00e3o manifesta\u00e7\u00f5es nas ruas, como no ano passado, durante a Copa das Confedera\u00e7\u00f5es. Em 2013, o torneio coincidiu com o per\u00edodo de ebuli\u00e7\u00e3o social, com milhares de pessoas fazendo manifesta\u00e7\u00f5es em v\u00e1rias cidades brasileiras. A Fifa foi alvo de boa parte do protestos, contr\u00e1rios \u00e0 realiza\u00e7\u00e3o da Copa.<\/p>\n<p>&#8211; Estou convencido que os protestos sociais n\u00e3o v\u00e3o poder utilizar os mesmos argumentos usados na Copa das Confedera\u00e7\u00f5es, porque eles n\u00e3o s\u00e3o v\u00e1lidos. Estou convencido de que a situa\u00e7\u00e3o se tranquilizou &#8211; afirmou Blatter.<\/p>\n<p>Ele e Dilma foram alvos de vaias na cerim\u00f4nia de abertura do torneio, no Est\u00e1dio Man\u00e9 Garrincha, em Bras\u00edlia. Na ocasi\u00e3o, quando Dilma falava, Blatter chegou a repreender o p\u00fablico, pedindo respeito.<\/p>\n<p>A abertura da Copa ser\u00e1 no Itaquer\u00e3o. A partida inaugural ser\u00e1 entre Brasil e Cro\u00e1cia, pelo grupo A.<\/p>\n<p>Fonte: Globo.com \/ Foto: Ag\u00eancia Brasil<\/p>\n","protected":false},"excerpt":{"rendered":"<p>Em entrevista \u00e0 ag\u00eancia de not\u00edcias alem\u00e3 DPA, o presidente da Fifa, Joseph Blatter, informou que a abertura da Copa do Mundo, em 12 de&#8230;<\/p>\n","protected":false},"author":1182,"featured_media":4120,"comment_status":"closed","ping_status":"closed","sticky":false,"template":"","format":"standard","meta":{"footnotes":""},"categories":[6],"tags":[602,137,706,707,709,314,708],"class_list":["post-4119","post","type-post","status-publish","format-standard","has-post-thumbnail","hentry","category-noticias","tag-abertura","tag-copa","tag-discurso","tag-fifa","tag-joseph-blatter","tag-presidente","tag-vaias"],"_links":{"self":[{"href":"https:\/\/www.sincomam.org.br\/index.php\/wp-json\/wp\/v2\/posts\/4119","targetHints":{"allow":["GET"]}}],"collection":[{"href":"https:\/\/www.sincomam.org.br\/index.php\/wp-json\/wp\/v2\/posts"}],"about":[{"href":"https:\/\/www.sincomam.org.br\/index.php\/wp-json\/wp\/v2\/types\/post"}],"author":[{"embeddable":true,"href":"https:\/\/www.sincomam.org.br\/index.php\/wp-json\/wp\/v2\/users\/1182"}],"replies":[{"embeddable":true,"href":"https:\/\/www.sincomam.org.br\/index.php\/wp-json\/wp\/v2\/comments?post=4119"}],"version-history":[{"count":1,"href":"https:\/\/www.sincomam.org.br\/index.php\/wp-json\/wp\/v2\/posts\/4119\/revisions"}],"predecessor-version":[{"id":4121,"href":"https:\/\/www.sincomam.org.br\/index.php\/wp-json\/wp\/v2\/posts\/4119\/revisions\/4121"}],"wp:featuredmedia":[{"embeddable":true,"href":"https:\/\/www.sincomam.org.br\/index.php\/wp-json\/wp\/v2\/media\/4120"}],"wp:attachment":[{"href":"https:\/\/www.sincomam.org.br\/index.php\/wp-json\/wp\/v2\/media?parent=4119"}],"wp:term":[{"taxonomy":"category","embeddable":true,"href":"https:\/\/www.sincomam.org.br\/index.php\/wp-json\/wp\/v2\/categories?post=4119"},{"taxonomy":"post_tag","embeddable":true,"href":"https:\/\/www.sincomam.org.br\/index.php\/wp-json\/wp\/v2\/tags?post=4119"}],"curies":[{"name":"wp","href":"https:\/\/api.w.org\/{rel}","templated":true}]}}