{"id":41184,"date":"2022-09-02T10:49:17","date_gmt":"2022-09-02T13:49:17","guid":{"rendered":"http:\/\/www.sincomam.org.br\/?p=41184"},"modified":"2022-09-02T10:49:17","modified_gmt":"2022-09-02T13:49:17","slug":"complexo-de-suape-recebe-investimento-de-r-26-bilhoes-para-o-novo-terminal-de-conteineres-da-maersk","status":"publish","type":"post","link":"https:\/\/www.sincomam.org.br\/index.php\/complexo-de-suape-recebe-investimento-de-r-26-bilhoes-para-o-novo-terminal-de-conteineres-da-maersk\/","title":{"rendered":"Complexo de Suape recebe investimento de R$ 2,6 bilh\u00f5es para o novo terminal de cont\u00eaineres da Maersk"},"content":{"rendered":"<p>O governo de Pernambuco anunciou, nesta quinta-feira (1), no Centro Administrativo do Complexo Industrial Portu\u00e1rio de Suape, a instala\u00e7\u00e3o do Terminal de Uso Privado (TUP) da APM Terminals, subsidi\u00e1ria do Grupo A. P. Moller-Maersk, de origem dinamarquesa. Com o in\u00edcio das obras at\u00e9 o final do pr\u00f3ximo ano e opera\u00e7\u00e3o prevista para come\u00e7ar em 2026, o novo terminal de cont\u00eaineres representa um investimento de R$ 2,6 bilh\u00f5es, gerando cerca de 350 postos de empregos diretos.<\/p>\n<p>A capacidade inicial de movimenta\u00e7\u00e3o do TUP da APM Terminals ser\u00e1 de 400 mil TEUs. Mas pode ultrapassar a marca de 1,3 milh\u00e3o de TEUs anuais. Em 2021, foram movimentados 518 mil TEUs no Complexo Portu\u00e1rio pernambucano. &#8220;A chegada da Maersk vai consolidar ainda mais suape como um dos principais portos do pa\u00eds. Trabalhamos intensamente pela atra\u00e7\u00e3o de novos investimentos para Pernambuco e obtivemos mais esse \u00eaxito&#8221;, afirmou o governador Paulo C\u00e2mara.<\/p>\n<p>Ocupando 49,2 hectares, o novo terminal \u00e9 resultado da venda de parte da \u00e1rea pertencente ao Estaleiro Atl\u00e2ntico Sul (EAS). O processo teve desfecho com a realiza\u00e7\u00e3o de um leil\u00e3o, quando a Maersk cobriu a maior oferta com um valor de R$ 455 milh\u00f5es. Esse resultado j\u00e1 foi homologado pela Justi\u00e7a Federal para o pagamento de parte do passivo aos credores do EAS.<\/p>\n<p>A iniciativa possibilitar\u00e1 mais conex\u00f5es com os principais portos do mundo, al\u00e9m de incrementar a movimenta\u00e7\u00e3o de cargas de cabotagem. O complexo portu\u00e1rio concentrar\u00e1 volumes maiores de cargas conteinerizadas a serem distribu\u00eddas no Nordeste e no restante do pa\u00eds, com uma redu\u00e7\u00e3o de custos que tornar\u00e1 Suape mais competitivo tanto em pre\u00e7o quanto em localiza\u00e7\u00e3o.<\/p>\n<p>Maior investimento da APM Terminals na Am\u00e9rica Latina, o terminal est\u00e1 projetado para ter infraestrutura de primeira linha. Tem como carros-chefes dois conceitos alinhados com o modelo de gest\u00e3o praticado em Suape: a sustentabilidade e a efici\u00eancia pela inova\u00e7\u00e3o tecnol\u00f3gica. Como em todas as suas opera\u00e7\u00f5es no mundo, o grupo europeu conta com um programa de descarboniza\u00e7\u00e3o, que busca minimizar a pegada de carbono.<\/p>\n<p>O diretor de Desenvolvimento da Regi\u00e3o das Am\u00e9ricas APM Terminals &#8211; Grupo Maersk, Leonardo Levy, ressaltou a import\u00e2ncia da cadeia global do porto para as cargas de cabotagem. \u201cTemos uma grande expectativa de que, com mais competitividade e efici\u00eancia, os exportadores e os importadores v\u00e3o reagir trazendo mais linhas de navega\u00e7\u00e3o diretas, conectando a \u00c1sia e a Europa diretamente ao Porto de Suape\u201d, concluiu.<\/p>\n<p>Fone: Portos e Navios<\/p>\n","protected":false},"excerpt":{"rendered":"<p>O governo de Pernambuco anunciou, nesta quinta-feira (1), no Centro Administrativo do Complexo Industrial Portu\u00e1rio de Suape, a instala\u00e7\u00e3o do Terminal de Uso Privado (TUP)&#8230;<\/p>\n","protected":false},"author":1527,"featured_media":41185,"comment_status":"closed","ping_status":"closed","sticky":false,"template":"","format":"standard","meta":{"footnotes":""},"categories":[6],"tags":[],"class_list":["post-41184","post","type-post","status-publish","format-standard","has-post-thumbnail","hentry","category-noticias"],"_links":{"self":[{"href":"https:\/\/www.sincomam.org.br\/index.php\/wp-json\/wp\/v2\/posts\/41184","targetHints":{"allow":["GET"]}}],"collection":[{"href":"https:\/\/www.sincomam.org.br\/index.php\/wp-json\/wp\/v2\/posts"}],"about":[{"href":"https:\/\/www.sincomam.org.br\/index.php\/wp-json\/wp\/v2\/types\/post"}],"author":[{"embeddable":true,"href":"https:\/\/www.sincomam.org.br\/index.php\/wp-json\/wp\/v2\/users\/1527"}],"replies":[{"embeddable":true,"href":"https:\/\/www.sincomam.org.br\/index.php\/wp-json\/wp\/v2\/comments?post=41184"}],"version-history":[{"count":1,"href":"https:\/\/www.sincomam.org.br\/index.php\/wp-json\/wp\/v2\/posts\/41184\/revisions"}],"predecessor-version":[{"id":41186,"href":"https:\/\/www.sincomam.org.br\/index.php\/wp-json\/wp\/v2\/posts\/41184\/revisions\/41186"}],"wp:featuredmedia":[{"embeddable":true,"href":"https:\/\/www.sincomam.org.br\/index.php\/wp-json\/wp\/v2\/media\/41185"}],"wp:attachment":[{"href":"https:\/\/www.sincomam.org.br\/index.php\/wp-json\/wp\/v2\/media?parent=41184"}],"wp:term":[{"taxonomy":"category","embeddable":true,"href":"https:\/\/www.sincomam.org.br\/index.php\/wp-json\/wp\/v2\/categories?post=41184"},{"taxonomy":"post_tag","embeddable":true,"href":"https:\/\/www.sincomam.org.br\/index.php\/wp-json\/wp\/v2\/tags?post=41184"}],"curies":[{"name":"wp","href":"https:\/\/api.w.org\/{rel}","templated":true}]}}