{"id":41181,"date":"2022-09-02T10:47:52","date_gmt":"2022-09-02T13:47:52","guid":{"rendered":"http:\/\/www.sincomam.org.br\/?p=41181"},"modified":"2022-09-02T10:47:52","modified_gmt":"2022-09-02T13:47:52","slug":"governo-propoe-mudancas-em-privatizacao-do-porto-de-santos","status":"publish","type":"post","link":"https:\/\/www.sincomam.org.br\/index.php\/governo-propoe-mudancas-em-privatizacao-do-porto-de-santos\/","title":{"rendered":"Governo prop\u00f5e mudan\u00e7as em privatiza\u00e7\u00e3o do Porto de Santos"},"content":{"rendered":"<p>O Minist\u00e9rio da Infraestrutura deixou nas m\u00e3os do Tribunal de Contas da Uni\u00e3o (TCU) um dos pontos mais sens\u00edveis no modelo de privatiza\u00e7\u00e3o do Porto de Santos. Ficar\u00e1 com o \u00f3rg\u00e3o de controle a defini\u00e7\u00e3o dos limites de participa\u00e7\u00e3o acion\u00e1ria, para evitar potencial conflito de interesses, dos futuros donos do porto.<\/p>\n<p>De acordo com o ministro Marcelo Sampaio, os estudos e documentos para a desestatiza\u00e7\u00e3o j\u00e1 foram encaminhados &#8220;informalmente&#8221; ao TCU. Em car\u00e1ter formal, explicou, ainda precisam passar pelo crivo final do Programa de Parcerias de Investimentos (PPI) e devem ser enviados no dia 16 de setembro.<\/p>\n<p>No entanto, a fim de ganhar tempo, foram repassados \u00e0 equipe t\u00e9cnica do tribunal e ao gabinete do ministro Bruno Dantas, relator do processo no TCU. Oficialmente, a inten\u00e7\u00e3o do governo Jair Bolsonaro \u00e9 realizar o leil\u00e3o de Santos ainda neste ano, mas esse cronograma ser\u00e1 praticamente imposs\u00edvel.<\/p>\n<p>A proposta inicial do Minist\u00e9rio da Infraestrutura era limitar a participa\u00e7\u00e3o acion\u00e1ria de operadores de terminais e armadores (companhias de navega\u00e7\u00e3o) em 15% individualmente e 40% no conjunto dessas empresas.<\/p>\n<p>A documenta\u00e7\u00e3o enviada ao TCU mant\u00e9m essa possibilidade, mas coloca uma segunda alternativa: limite de 5% para cada operador ou armador isoladamente, sem restri\u00e7\u00f5es no conjunto. Em tese, isso permitiria uma pulveriza\u00e7\u00e3o da sociedade que controlar\u00e1 o Porto de Santos. N\u00e3o haver\u00e1 restri\u00e7\u00f5es para fundos de investimentos.<\/p>\n<p>]Ap\u00f3s palestra em evento da Associa\u00e7\u00e3o Brasileira das Concession\u00e1rias de Rodovias (ABCR), Sampaio disse que as duas alternativas foram mandadas para o TCU e o minist\u00e9rio acatar\u00e1 a orienta\u00e7\u00e3o do tribunal. Tamb\u00e9m houve uma mudan\u00e7a em rela\u00e7\u00e3o ao material colocado em audi\u00eancia p\u00fablica no primeiro semestre deste ano. A dura\u00e7\u00e3o do contrato, que era de 30 anos (com possibilidade de extens\u00e3o por mais cinco), passou para 50 anos.<\/p>\n<p>&#8220;Os fundos com quem conversamos pediam, no m\u00ednimo, 50 anos&#8221;, explicou o ministro. &#8220;Eles entendiam que iam ficar ref\u00e9ns de uma renova\u00e7\u00e3o [contratual] no fim do prazo.&#8221; O plano final de privatiza\u00e7\u00e3o continuar\u00e1 contemplando aportes, pelo futuro s\u00f3cio privado, para construir um t\u00fanel entre Santos e o Guaruj\u00e1. O Valor apurou que um cen\u00e1rio considerado positivo pelo atual governo seria a publica\u00e7\u00e3o do edital ainda neste ano, com uma data fixada para o leil\u00e3o no in\u00edcio de 2023.<\/p>\n<p>A equipe do ex-presidente e candidato Luiz In\u00e1cio Lula da Silva (PT), no entanto, n\u00e3o tem simpatia pela privatiza\u00e7\u00e3o e tende a buscar outros modelos para o Porto de Santos.<\/p>\n<p>Fonte: Valor<\/p>\n","protected":false},"excerpt":{"rendered":"<p>O Minist\u00e9rio da Infraestrutura deixou nas m\u00e3os do Tribunal de Contas da Uni\u00e3o (TCU) um dos pontos mais sens\u00edveis no modelo de privatiza\u00e7\u00e3o do Porto&#8230;<\/p>\n","protected":false},"author":1527,"featured_media":41182,"comment_status":"closed","ping_status":"closed","sticky":false,"template":"","format":"standard","meta":{"footnotes":""},"categories":[6],"tags":[],"class_list":["post-41181","post","type-post","status-publish","format-standard","has-post-thumbnail","hentry","category-noticias"],"_links":{"self":[{"href":"https:\/\/www.sincomam.org.br\/index.php\/wp-json\/wp\/v2\/posts\/41181","targetHints":{"allow":["GET"]}}],"collection":[{"href":"https:\/\/www.sincomam.org.br\/index.php\/wp-json\/wp\/v2\/posts"}],"about":[{"href":"https:\/\/www.sincomam.org.br\/index.php\/wp-json\/wp\/v2\/types\/post"}],"author":[{"embeddable":true,"href":"https:\/\/www.sincomam.org.br\/index.php\/wp-json\/wp\/v2\/users\/1527"}],"replies":[{"embeddable":true,"href":"https:\/\/www.sincomam.org.br\/index.php\/wp-json\/wp\/v2\/comments?post=41181"}],"version-history":[{"count":1,"href":"https:\/\/www.sincomam.org.br\/index.php\/wp-json\/wp\/v2\/posts\/41181\/revisions"}],"predecessor-version":[{"id":41183,"href":"https:\/\/www.sincomam.org.br\/index.php\/wp-json\/wp\/v2\/posts\/41181\/revisions\/41183"}],"wp:featuredmedia":[{"embeddable":true,"href":"https:\/\/www.sincomam.org.br\/index.php\/wp-json\/wp\/v2\/media\/41182"}],"wp:attachment":[{"href":"https:\/\/www.sincomam.org.br\/index.php\/wp-json\/wp\/v2\/media?parent=41181"}],"wp:term":[{"taxonomy":"category","embeddable":true,"href":"https:\/\/www.sincomam.org.br\/index.php\/wp-json\/wp\/v2\/categories?post=41181"},{"taxonomy":"post_tag","embeddable":true,"href":"https:\/\/www.sincomam.org.br\/index.php\/wp-json\/wp\/v2\/tags?post=41181"}],"curies":[{"name":"wp","href":"https:\/\/api.w.org\/{rel}","templated":true}]}}