{"id":41178,"date":"2022-09-02T10:46:21","date_gmt":"2022-09-02T13:46:21","guid":{"rendered":"http:\/\/www.sincomam.org.br\/?p=41178"},"modified":"2022-09-02T10:46:21","modified_gmt":"2022-09-02T13:46:21","slug":"ministro-preve-lancar-br-dos-rios-e-programa-em-estradas-ate-o-fim-do-ano","status":"publish","type":"post","link":"https:\/\/www.sincomam.org.br\/index.php\/ministro-preve-lancar-br-dos-rios-e-programa-em-estradas-ate-o-fim-do-ano\/","title":{"rendered":"Ministro prev\u00ea lan\u00e7ar &#8216;BR dos Rios&#8217; e programa em estradas at\u00e9 o fim do ano"},"content":{"rendered":"<p>O Minist\u00e9rio da Infraestrutura pretende lan\u00e7ar, at\u00e9 o fim do ano, um programa de est\u00edmulo \u00e0 movimenta\u00e7\u00e3o de cargas por hidrovias no pa\u00eds. Tamb\u00e9m prepara um pacote de investimentos na constru\u00e7\u00e3o de terceiras faixas em rodovias federais que n\u00e3o s\u00e3o duplicadas e t\u00eam baixa viabilidade de concess\u00e3o ao setor privado.<\/p>\n<p>As informa\u00e7\u00f5es foram dadas pelo ministro da Infraestrutura, Marcelo Sampaio, em evento organizado pela Associa\u00e7\u00e3o Brasileira das Concession\u00e1rias de Rodovias (ABCR). Com cr\u00edticas \u00e0s gest\u00f5es do PT, ele afirmou que o governo Jair Bolsonaro promoveu uma &#8220;desestatiza\u00e7\u00e3o do cr\u00e9dito&#8221; no setor e acabou com a &#8220;corrup\u00e7\u00e3o sist\u00eamica&#8221;.<\/p>\n<p>Apesar da proximidade das elei\u00e7\u00f5es e do fim de mandato, Sampaio disse que trabalha pelo lan\u00e7amento da &#8220;BR dos Rios&#8221; ainda em 2022. Inspirado na &#8220;BR do Mar&#8221;, que virou lei no ano passado e estabelece incentivos \u00e0 cabotagem, esse programa buscar\u00e1 potencializar a navega\u00e7\u00e3o interior.<br \/>\nDe acordo com o ministro, alguns desafios s\u00e3o a instala\u00e7\u00e3o ou refor\u00e7o de postos aduaneiros e quest\u00f5es de seguran\u00e7a, como o roubo de cargas. Ele n\u00e3o descartou uma medida provis\u00f3ria para lan\u00e7ar a &#8220;BR dos Rios&#8221; e acenou com futuras concess\u00f5es integradas de hidrovias com rodovias, principalmente na Regi\u00e3o Norte.<\/p>\n<p>Com rela\u00e7\u00e3o \u00e0s terceiras faixas em estradas federais, prometendo um pontap\u00e9 inicial tamb\u00e9m neste ano, Sampaio disse que a ideia ser\u00e1 melhorar a trafegabilidade e a seguran\u00e7a vi\u00e1ria. O programa ter\u00e1 investimento p\u00fablico, j\u00e1 que s\u00e3o rodovias sem volume de tr\u00e1fego suficiente para opera\u00e7\u00e3o por concession\u00e1rias privadas.<br \/>\nSegundo ele, a constru\u00e7\u00e3o das terceiras faixas dever\u00e1 come\u00e7ar pela BR-304 no Rio Grande do Norte, entre Natal e Mossor\u00f3. Dever\u00e1 contemplar ainda trechos da BR-163 e da BR-158. &#8220;Quando o motorista sabe que logo adiante haver\u00e1 uma faixa adicional, segura a ultrapassagem de um caminh\u00e3o e isso diminui o risco de acidentes&#8221;, explicou.<\/p>\n<p>Agora em setembro, disse Sampaio, o minist\u00e9rio deve receber uma suplementa\u00e7\u00e3o de aproximadamente R$ 2 bilh\u00f5es ao or\u00e7amento deste ano. Quanto ao or\u00e7amento de 2023, informou que foi enviado ao Congresso com o mesmo valor deste ano &#8212; cerca de R$ 6,7 bilh\u00f5es &#8212; para a pasta, mas ele manifestou a expectativa de &#8220;revisitar&#8221; esses n\u00fameros depois das elei\u00e7\u00f5es, durante a tramita\u00e7\u00e3o do projeto de lei no Congresso.<br \/>\nEm sua palestra no evento da ABCR, Sampaio enalteceu a queda da infla\u00e7\u00e3o, com &#8220;um resultado melhor que o outro&#8221; nos \u00faltimos meses, e a redu\u00e7\u00e3o do desemprego. Mencionando as estimativas do mercado de uma alta do IPCA de quase 7% em 2022, questionou a plateia de executivos: &#8220;\u00c9 muito ou pouco?&#8221;.<br \/>\nDe acordo com Sampaio, \u00e9 a &#8220;primeira vez na hist\u00f3ria&#8221; que o Brasil tem uma infla\u00e7\u00e3o abaixo da registrada nos Estados Unidos. Ele comparou, ent\u00e3o, esse \u00edndice com o IPCA superior a 10% verificado em 2015 (segundo mandato de Dilma Rousseff). &#8220;Aquela era a infla\u00e7\u00e3o da corrup\u00e7\u00e3o&#8221;, provocou.<br \/>\nO ministro disse que o Brasil j\u00e1 tem um crescimento econ\u00f4mico &#8220;contratado&#8221; para a pr\u00f3xima d\u00e9cada, com R$ 120 bilh\u00f5es em compromissos de investimentos j\u00e1 acertados em infraestrutura log\u00edstica. Somando os setores de \u00f3leo e g\u00e1s, energia el\u00e9trica e saneamento, esse valor chega a R$ 890 bilh\u00f5es em dez anos.<br \/>\nUm ponto destacado por ele \u00e9 a &#8220;desestatiza\u00e7\u00e3o do cr\u00e9dito&#8221;, com menos financiamento via bancos p\u00fablicos e mais pelo mercado de capitais. No ano passado, apenas na infraestrutura, houve R$ 46 bilh\u00f5es em capta\u00e7\u00f5es por meio de deb\u00eantures incentivadas. &#8220;Isso significa que os brasileiros est\u00e3o investindo em infraestrutura no Brasil&#8221;.<br \/>\nSampaio disse que a prioridade do governo Bolsonaro, al\u00e9m de acelerar concess\u00f5es e privatiza\u00e7\u00f5es, foi terminar obras inacabadas de gest\u00f5es anteriores. Sem nenhuma men\u00e7\u00e3o ao or\u00e7amento secreto e a suspeitas de sobrepre\u00e7o em licita\u00e7\u00f5es da estatal Codevasf, que n\u00e3o \u00e9 ligada \u00e0 sua pasta, o ministro afirmou: &#8220;N\u00f3s acabamos com a corrup\u00e7\u00e3o sist\u00eamica neste pa\u00eds&#8221;.<\/p>\n<p>Fonte: Valor<\/p>\n","protected":false},"excerpt":{"rendered":"<p>O Minist\u00e9rio da Infraestrutura pretende lan\u00e7ar, at\u00e9 o fim do ano, um programa de est\u00edmulo \u00e0 movimenta\u00e7\u00e3o de cargas por hidrovias no pa\u00eds. Tamb\u00e9m prepara&#8230;<\/p>\n","protected":false},"author":1527,"featured_media":41179,"comment_status":"closed","ping_status":"closed","sticky":false,"template":"","format":"standard","meta":{"footnotes":""},"categories":[6],"tags":[],"class_list":["post-41178","post","type-post","status-publish","format-standard","has-post-thumbnail","hentry","category-noticias"],"_links":{"self":[{"href":"https:\/\/www.sincomam.org.br\/index.php\/wp-json\/wp\/v2\/posts\/41178","targetHints":{"allow":["GET"]}}],"collection":[{"href":"https:\/\/www.sincomam.org.br\/index.php\/wp-json\/wp\/v2\/posts"}],"about":[{"href":"https:\/\/www.sincomam.org.br\/index.php\/wp-json\/wp\/v2\/types\/post"}],"author":[{"embeddable":true,"href":"https:\/\/www.sincomam.org.br\/index.php\/wp-json\/wp\/v2\/users\/1527"}],"replies":[{"embeddable":true,"href":"https:\/\/www.sincomam.org.br\/index.php\/wp-json\/wp\/v2\/comments?post=41178"}],"version-history":[{"count":1,"href":"https:\/\/www.sincomam.org.br\/index.php\/wp-json\/wp\/v2\/posts\/41178\/revisions"}],"predecessor-version":[{"id":41180,"href":"https:\/\/www.sincomam.org.br\/index.php\/wp-json\/wp\/v2\/posts\/41178\/revisions\/41180"}],"wp:featuredmedia":[{"embeddable":true,"href":"https:\/\/www.sincomam.org.br\/index.php\/wp-json\/wp\/v2\/media\/41179"}],"wp:attachment":[{"href":"https:\/\/www.sincomam.org.br\/index.php\/wp-json\/wp\/v2\/media?parent=41178"}],"wp:term":[{"taxonomy":"category","embeddable":true,"href":"https:\/\/www.sincomam.org.br\/index.php\/wp-json\/wp\/v2\/categories?post=41178"},{"taxonomy":"post_tag","embeddable":true,"href":"https:\/\/www.sincomam.org.br\/index.php\/wp-json\/wp\/v2\/tags?post=41178"}],"curies":[{"name":"wp","href":"https:\/\/api.w.org\/{rel}","templated":true}]}}