{"id":41165,"date":"2022-09-01T08:19:04","date_gmt":"2022-09-01T11:19:04","guid":{"rendered":"http:\/\/www.sincomam.org.br\/?p=41165"},"modified":"2022-09-01T08:19:04","modified_gmt":"2022-09-01T11:19:04","slug":"trabalhadores-portuarios-paralisarao-portos-chilenos-por-tres-turnos-apos-nao-conseguirem-acordos-com-o-governo","status":"publish","type":"post","link":"https:\/\/www.sincomam.org.br\/index.php\/trabalhadores-portuarios-paralisarao-portos-chilenos-por-tres-turnos-apos-nao-conseguirem-acordos-com-o-governo\/","title":{"rendered":"Trabalhadores portu\u00e1rios paralisar\u00e3o portos chilenos por tr\u00eas turnos ap\u00f3s n\u00e3o conseguirem acordos com o governo"},"content":{"rendered":"<p>Os trabalhadores vinculados ao Sindicato Portu\u00e1rio do Chile realizar\u00e3o a paralisa\u00e7\u00e3o total do trabalho por tr\u00eas turnos a partir desta quinta-feira, 1\u00ba de setembro. A medida se deve ao fato de as lideran\u00e7as n\u00e3o terem chegado a um acordo com o Poder Executivo sobre reivindica\u00e7\u00f5es dos trabalhadores.<\/p>\n<p>Durante a quarta-feira (31), um grupo de dirigentes portu\u00e1rios foi ao Pal\u00e1cio de la Moneda para manter um encontro com o subsecret\u00e1rio do Interior Manuel Monsalve, a quem refor\u00e7aram os pedidos feitos.<\/p>\n<p>Um dos pontos principais refere-se a reivindica\u00e7\u00e3o de aumento do valor das pens\u00f5es atribu\u00eddas aos trabalhadores portu\u00e1rios, de dois sal\u00e1rios.<\/p>\n<p>O sindicato est\u00e1 presente em 25 portos e terminais de Iquique a Punta Arenas.<\/p>\n<div class=\"addtoany_container\">Fonte: Portos e Navios<\/div>\n","protected":false},"excerpt":{"rendered":"<p>Os trabalhadores vinculados ao Sindicato Portu\u00e1rio do Chile realizar\u00e3o a paralisa\u00e7\u00e3o total do trabalho por tr\u00eas turnos a partir desta quinta-feira, 1\u00ba de setembro. A&#8230;<\/p>\n","protected":false},"author":1527,"featured_media":41169,"comment_status":"closed","ping_status":"closed","sticky":false,"template":"","format":"standard","meta":{"footnotes":""},"categories":[6],"tags":[],"class_list":["post-41165","post","type-post","status-publish","format-standard","has-post-thumbnail","hentry","category-noticias"],"_links":{"self":[{"href":"https:\/\/www.sincomam.org.br\/index.php\/wp-json\/wp\/v2\/posts\/41165","targetHints":{"allow":["GET"]}}],"collection":[{"href":"https:\/\/www.sincomam.org.br\/index.php\/wp-json\/wp\/v2\/posts"}],"about":[{"href":"https:\/\/www.sincomam.org.br\/index.php\/wp-json\/wp\/v2\/types\/post"}],"author":[{"embeddable":true,"href":"https:\/\/www.sincomam.org.br\/index.php\/wp-json\/wp\/v2\/users\/1527"}],"replies":[{"embeddable":true,"href":"https:\/\/www.sincomam.org.br\/index.php\/wp-json\/wp\/v2\/comments?post=41165"}],"version-history":[{"count":1,"href":"https:\/\/www.sincomam.org.br\/index.php\/wp-json\/wp\/v2\/posts\/41165\/revisions"}],"predecessor-version":[{"id":41170,"href":"https:\/\/www.sincomam.org.br\/index.php\/wp-json\/wp\/v2\/posts\/41165\/revisions\/41170"}],"wp:featuredmedia":[{"embeddable":true,"href":"https:\/\/www.sincomam.org.br\/index.php\/wp-json\/wp\/v2\/media\/41169"}],"wp:attachment":[{"href":"https:\/\/www.sincomam.org.br\/index.php\/wp-json\/wp\/v2\/media?parent=41165"}],"wp:term":[{"taxonomy":"category","embeddable":true,"href":"https:\/\/www.sincomam.org.br\/index.php\/wp-json\/wp\/v2\/categories?post=41165"},{"taxonomy":"post_tag","embeddable":true,"href":"https:\/\/www.sincomam.org.br\/index.php\/wp-json\/wp\/v2\/tags?post=41165"}],"curies":[{"name":"wp","href":"https:\/\/api.w.org\/{rel}","templated":true}]}}