{"id":4116,"date":"2014-03-12T08:19:46","date_gmt":"2014-03-12T11:19:46","guid":{"rendered":"http:\/\/www.sincomam.org.br\/?p=4116"},"modified":"2014-03-11T18:20:35","modified_gmt":"2014-03-11T21:20:35","slug":"estaleiro-maua-vai-construir-oito-navios-de-produtos-para-transpetro","status":"publish","type":"post","link":"https:\/\/www.sincomam.org.br\/index.php\/estaleiro-maua-vai-construir-oito-navios-de-produtos-para-transpetro\/","title":{"rendered":"Estaleiro Mau\u00e1 vai construir oito navios de produtos para Transpetro"},"content":{"rendered":"<p><b><i>Encomenda faz parte do Promef e tem investimentos de R$ 1,4 bilh\u00e3o<\/i><\/b><\/p>\n<p>A Transpetro anunciou o in\u00edcio da constru\u00e7\u00e3o de oito navios de produtos no Estaleiro Mau\u00e1, em Niter\u00f3i, na Regi\u00e3o Metropolitana do Rio, com investimentos de R$ 1,4 bilh\u00e3o, dentro dos R$ 11,2 bilh\u00f5es previstos para a constru\u00e7\u00e3o de 49 navios e 20 comboios hidrovi\u00e1rios do Programa de Moderniza\u00e7\u00e3o e Expans\u00e3o da Frota (Promef).<\/p>\n<p>O Jos\u00e9 Alencar transporta derivados claros de petr\u00f3leo. Tem 183 metros de comprimento, 32,2 metros de largura, 43,8 metros de altura, e capacidade para transportar 56 milh\u00f5es de litros de combust\u00edveis.\u00a0 Em sua primeira viagem, o navio saiu do Estaleiro Mau\u00e1, em Niter\u00f3i, onde foi constru\u00eddo, para ser carregado com nafta do Terminal da Ilha D\u2019\u00c1gua (RJ). De l\u00e1, seguir\u00e1 rumo ao terminal de S\u00e3o Sebasti\u00e3o, em S\u00e3o Paulo, onde ser\u00e1 descarregado.<\/p>\n<p>O Jos\u00e9 Alencar \u00e9 a sexta embarca\u00e7\u00e3o do Promef a entrar em opera\u00e7\u00e3o em um prazo de dois anos e finaliza o primeiro lote de encomendas a estaleiros brasileiros dentro do programa, informou a Transpetro.<\/p>\n<p>J\u00e1 foram entregues sete navios e outros 12 se encontram em constru\u00e7\u00e3o. Em 2014, a Transpetro receber\u00e1 tamb\u00e9m os tr\u00eas primeiros comboios encomendados a estaleiros e sete navios dever\u00e3o entrar em opera\u00e7\u00e3o, informou a companhia.<\/p>\n<p>Al\u00e9m do Jos\u00e9 Alencar, o primeiro lote do Promef inclui outros tr\u00eas navios de produtos, j\u00e1 em opera\u00e7\u00e3o: Celso Furtado, S\u00e9rgio Buarque de Holanda e R\u00f4mulo Almeida. Al\u00e9m desses, o EAS entregou \u00e0 Transpetro os suezmax Jo\u00e3o C\u00e2ndido e Zumbi dos Palmares, e o petroleiro Drag\u00e3o do Mar, este com in\u00edcio das opera\u00e7\u00f5es previsto para o primeiro trimestre deste ano, segundo a Transpetro.<\/p>\n<p>Fonte: G1<\/p>\n","protected":false},"excerpt":{"rendered":"<p>Encomenda faz parte do Promef e tem investimentos de R$ 1,4 bilh\u00e3o A Transpetro anunciou o in\u00edcio da constru\u00e7\u00e3o de oito navios de produtos no&#8230;<\/p>\n","protected":false},"author":1182,"featured_media":4117,"comment_status":"closed","ping_status":"closed","sticky":false,"template":"","format":"standard","meta":{"footnotes":""},"categories":[6],"tags":[],"class_list":["post-4116","post","type-post","status-publish","format-standard","has-post-thumbnail","hentry","category-noticias"],"_links":{"self":[{"href":"https:\/\/www.sincomam.org.br\/index.php\/wp-json\/wp\/v2\/posts\/4116","targetHints":{"allow":["GET"]}}],"collection":[{"href":"https:\/\/www.sincomam.org.br\/index.php\/wp-json\/wp\/v2\/posts"}],"about":[{"href":"https:\/\/www.sincomam.org.br\/index.php\/wp-json\/wp\/v2\/types\/post"}],"author":[{"embeddable":true,"href":"https:\/\/www.sincomam.org.br\/index.php\/wp-json\/wp\/v2\/users\/1182"}],"replies":[{"embeddable":true,"href":"https:\/\/www.sincomam.org.br\/index.php\/wp-json\/wp\/v2\/comments?post=4116"}],"version-history":[{"count":1,"href":"https:\/\/www.sincomam.org.br\/index.php\/wp-json\/wp\/v2\/posts\/4116\/revisions"}],"predecessor-version":[{"id":4118,"href":"https:\/\/www.sincomam.org.br\/index.php\/wp-json\/wp\/v2\/posts\/4116\/revisions\/4118"}],"wp:featuredmedia":[{"embeddable":true,"href":"https:\/\/www.sincomam.org.br\/index.php\/wp-json\/wp\/v2\/media\/4117"}],"wp:attachment":[{"href":"https:\/\/www.sincomam.org.br\/index.php\/wp-json\/wp\/v2\/media?parent=4116"}],"wp:term":[{"taxonomy":"category","embeddable":true,"href":"https:\/\/www.sincomam.org.br\/index.php\/wp-json\/wp\/v2\/categories?post=4116"},{"taxonomy":"post_tag","embeddable":true,"href":"https:\/\/www.sincomam.org.br\/index.php\/wp-json\/wp\/v2\/tags?post=4116"}],"curies":[{"name":"wp","href":"https:\/\/api.w.org\/{rel}","templated":true}]}}