{"id":41152,"date":"2022-09-01T08:30:00","date_gmt":"2022-09-01T11:30:00","guid":{"rendered":"http:\/\/www.sincomam.org.br\/?p=41152"},"modified":"2022-09-01T08:26:03","modified_gmt":"2022-09-01T11:26:03","slug":"governo-do-estado-tem-ate-14-de-setembro-para-entregar-plano-de-transicao-sobre-a-administracao-dos-servicos-das-barcas","status":"publish","type":"post","link":"https:\/\/www.sincomam.org.br\/index.php\/governo-do-estado-tem-ate-14-de-setembro-para-entregar-plano-de-transicao-sobre-a-administracao-dos-servicos-das-barcas\/","title":{"rendered":"Governo do RJ tem at\u00e9 14 de setembro para entregar plano de transi\u00e7\u00e3o das barcas"},"content":{"rendered":"<div class=\"text\">\n<div>\n<p>Um dos principais imbr\u00f3glios que devem ser resolvidos pelo Governo do Estado a partir de fevereiro do ano que vem n\u00e3o est\u00e1 mais com informa\u00e7\u00f5es dispon\u00edveis no sistema SEI, que garante transpar\u00eancia na tramita\u00e7\u00e3o de documentos e processos.<\/p>\n<\/div>\n<\/div>\n<div class=\"text\">\n<div>\n<p>O processo que envolve a estrutura\u00e7\u00e3o da modelagem do sistema de transporte aquavi\u00e1rio foi restringido pelo Governo do Estado, momentos depois da BandNews FM divulgar na segunda-feira (29) que a UFRJ atrasou a entrega de um dos produtos previstos at\u00e9 o ano que vem. O Governo se limitou a dizer que foi uma decis\u00e3o administrativa. O processo esteve aberto desde a cria\u00e7\u00e3o no sistema SEI at\u00e9 a \u00faltima segunda-feira (29).<\/p>\n<div>\n<p>O Tribunal de Contas do Estado exigiu que o Governo entregue at\u00e9 14 de setembro um plano de transi\u00e7\u00e3o sobre a administra\u00e7\u00e3o dos servi\u00e7os das barcas. At\u00e9 o momento, a SETRANS n\u00e3o respondeu a exig\u00eancia. Al\u00e9m disso, o TCE instaurou uma auditoria extraordin\u00e1ria de acompanhamento da situa\u00e7\u00e3o do servi\u00e7o p\u00fablico do transporte aquavi\u00e1rio para verificar a presta\u00e7\u00e3o atual do servi\u00e7o e o andamento das solu\u00e7\u00f5es para a continuidade do transporte a partir de fevereiro do ano que vem.<\/p>\n<\/div>\n<div>\n<p>A Universidade Federal do Rio de Janeiro prorrogou at\u00e9 esta quinta-feira (31) o prazo para entrega do relat\u00f3rio de diagn\u00f3stico da atual situa\u00e7\u00e3o das barcas. O material, que era para ser entregue at\u00e9 o dia primeiro de agosto, ainda n\u00e3o foi enviado pela universidade contratada pelo Governo do Estado por R$ 4 milh\u00f5es e 300 mil \u00a0para elabora\u00e7\u00e3o da modelagem do sistema de transporte.<\/p>\n<\/div>\n<div>\n<p>Mesmo com o atraso parcial, a UFRJ ainda estipula para janeiro de 2023 a entrega da minuta do termo do edital de licita\u00e7\u00e3o que vai definir a nova operadora do sistema. O contrato de concess\u00e3o com a CCR Barcas termina no m\u00eas seguinte, em fevereiro.<\/p>\n<\/div>\n<div>\n<p>A Frente Parlamentar em Defesa do Transporte Aquavi\u00e1rio da Assembleia Legislativa do Rio j\u00e1 declarou que prev\u00ea uma lacuna de seis meses entre o fim do contrato de concess\u00e3o da CCR Barcas e os tr\u00e2mites finais do edital de licita\u00e7\u00e3o.<\/p>\n<\/div>\n<div>\n<p>Em nota, o Governo do Estado disse que todos os tr\u00e2mites para elabora\u00e7\u00e3o da nova modelagem do sistema aquavi\u00e1rio junto \u00e0 UFRJ est\u00e3o dentro do prazo. A resposta n\u00e3o vai ao encontro da troca de documenta\u00e7\u00f5es entre a UFRJ e a SETRANS.<\/p>\n<\/div>\n<div>\n<p>A BandNews FM procurou a UFRJ, a Frente Parlamentar em Defesa do Transporte Aquavi\u00e1rio da Alerj e o Minist\u00e9rio P\u00fablico, mas ainda n\u00e3o obteve retorno.<\/p>\n<p>Fonte: BandNews<\/p>\n<\/div>\n<\/div>\n<\/div>\n","protected":false},"excerpt":{"rendered":"<p>Um dos principais imbr\u00f3glios que devem ser resolvidos pelo Governo do Estado a partir de fevereiro do ano que vem n\u00e3o est\u00e1 mais com informa\u00e7\u00f5es&#8230;<\/p>\n","protected":false},"author":1527,"featured_media":41153,"comment_status":"closed","ping_status":"closed","sticky":false,"template":"","format":"standard","meta":{"footnotes":""},"categories":[6],"tags":[],"class_list":["post-41152","post","type-post","status-publish","format-standard","has-post-thumbnail","hentry","category-noticias"],"_links":{"self":[{"href":"https:\/\/www.sincomam.org.br\/index.php\/wp-json\/wp\/v2\/posts\/41152","targetHints":{"allow":["GET"]}}],"collection":[{"href":"https:\/\/www.sincomam.org.br\/index.php\/wp-json\/wp\/v2\/posts"}],"about":[{"href":"https:\/\/www.sincomam.org.br\/index.php\/wp-json\/wp\/v2\/types\/post"}],"author":[{"embeddable":true,"href":"https:\/\/www.sincomam.org.br\/index.php\/wp-json\/wp\/v2\/users\/1527"}],"replies":[{"embeddable":true,"href":"https:\/\/www.sincomam.org.br\/index.php\/wp-json\/wp\/v2\/comments?post=41152"}],"version-history":[{"count":2,"href":"https:\/\/www.sincomam.org.br\/index.php\/wp-json\/wp\/v2\/posts\/41152\/revisions"}],"predecessor-version":[{"id":41168,"href":"https:\/\/www.sincomam.org.br\/index.php\/wp-json\/wp\/v2\/posts\/41152\/revisions\/41168"}],"wp:featuredmedia":[{"embeddable":true,"href":"https:\/\/www.sincomam.org.br\/index.php\/wp-json\/wp\/v2\/media\/41153"}],"wp:attachment":[{"href":"https:\/\/www.sincomam.org.br\/index.php\/wp-json\/wp\/v2\/media?parent=41152"}],"wp:term":[{"taxonomy":"category","embeddable":true,"href":"https:\/\/www.sincomam.org.br\/index.php\/wp-json\/wp\/v2\/categories?post=41152"},{"taxonomy":"post_tag","embeddable":true,"href":"https:\/\/www.sincomam.org.br\/index.php\/wp-json\/wp\/v2\/tags?post=41152"}],"curies":[{"name":"wp","href":"https:\/\/api.w.org\/{rel}","templated":true}]}}