{"id":41130,"date":"2022-08-31T08:36:47","date_gmt":"2022-08-31T11:36:47","guid":{"rendered":"http:\/\/www.sincomam.org.br\/?p=41130"},"modified":"2022-08-31T08:36:47","modified_gmt":"2022-08-31T11:36:47","slug":"ibama-determina-o-retorno-ao-brasil-do-porta-avioes-sao-paulo-barrado-na-turquia","status":"publish","type":"post","link":"https:\/\/www.sincomam.org.br\/index.php\/ibama-determina-o-retorno-ao-brasil-do-porta-avioes-sao-paulo-barrado-na-turquia\/","title":{"rendered":"Ibama determina o retorno ao Brasil do porta-avi\u00f5es S\u00e3o Paulo, barrado na Turquia"},"content":{"rendered":"<p>O Ibama (Instituto Brasileiro do Meio Ambiente e Recursos Naturais Renov\u00e1veis) decidiu cancelar a autoriza\u00e7\u00e3o de exporta\u00e7\u00e3o do porta-avi\u00f5es S\u00e3o Paulo para a Turquia e determinou o retorno da embarca\u00e7\u00e3o ao Brasil.<\/p>\n<p>Na sexta-feira (26), ap\u00f3s den\u00fancias de organiza\u00e7\u00f5es ambientalistas sobre exporta\u00e7\u00e3o ilegal de res\u00edduos t\u00f3xicos, o governo turco barrou a entrada do navio naquele pa\u00eds por falta de informa\u00e7\u00f5es sobre a quantidade de materiais t\u00f3xicos em sua estrutura.<\/p>\n<p>O porta-avi\u00f5es foi vendido pela Marinha ao estaleiro S\u00f6k Denizcilik and Ticaret Limited, especializado em desmanche de navios. O ve\u00edculo deixou o Brasil no \u00faltimo dia 4, em viagem que vem sendo monitorada em tempo real pelo Greenpeace.<\/p>\n<p>Porta-avi\u00f5es S\u00e3o Paulo, maior embarca\u00e7\u00e3o que j\u00e1 integrou a Marinha brasileira e que foi vendido para empresa turca &#8211; Rob Schleiffert \/ flickr<br \/>\nNesta ter\u00e7a-feira (30), estava em frente ao litoral do Marrocos, se aproximando do Estreito de Gibraltar.<\/p>\n<p>Em of\u00edcio assinado pela coordenadora-geral de Gest\u00e3o da Qualidade Ambiental, Ros\u00e2ngela Maria Ribeiro Muniz, o Ibama diz que &#8220;fica suspensa a autoriza\u00e7\u00e3o emitida pelo Ibama para essa movimenta\u00e7\u00e3o, devendo o exportador brasileiro providenciar, \u00e0s suas expensas, o retorno ao Brasil da embarca\u00e7\u00e3o&#8221;.<\/p>\n<p>Caso a determina\u00e7\u00e3o n\u00e3o seja cumprida, diz o Ibama, o exportador do navio fica sob o risco de incorrer em tr\u00e1fico ilegal de res\u00edduos perigosos. O navio foi exportado pela Oceans Prime Offshore, representante mar\u00edtima no Brasil da Sok.<\/p>\n<p>Em nota enviada por e-mail \u00e0 Folha, a embaixada da Turquia no Brasil disse que o governo turco vem avisando, desde o in\u00edcio do processo, que o navio n\u00e3o entraria no pa\u00eds se representasse algum perigo.<\/p>\n<p>Ancara chegou a emitir uma autoriza\u00e7\u00e3o para a entrada do navio, mas a decis\u00e3o impunha condi\u00e7\u00f5es, como a garantia de que a embarca\u00e7\u00e3o fosse inspecionada antes de chegar, de acordo com condi\u00e7\u00f5es estabelecidas na Conven\u00e7\u00e3o de Basileia.<\/p>\n<p>Respons\u00e1vel pela inspe\u00e7\u00e3o, a empresa norueguesa Grieg Green admite, por\u00e9m, que n\u00e3o teve acesso a toda a estrutura e que o trabalho foi prejudicado ainda pela limita\u00e7\u00e3o de acesso a documenta\u00e7\u00e3o original do navio, dada a sua idade.<\/p>\n<p>No dia 4, a Justi\u00e7a Federal do Rio de Janeiro concedeu liminar ao Instituto S\u00e3o Paulo-Foch impedindo a sa\u00edda da embarca\u00e7\u00e3o. Ao ser notificada, a Marinha informou que o pedido n\u00e3o poderia ser acatado porque o navio j\u00e1 estava em \u00e1guas internacionais.<\/p>\n<p>Segundo a embaixada da Turquia, a entrada do navio no pa\u00eds depende de uma segunda inspe\u00e7\u00e3o sob supervis\u00e3o de institui\u00e7\u00f5es independentes e da entrega de um invent\u00e1rio de materiais perigosos, com a exata localiza\u00e7\u00e3o de amianto e outros res\u00edduos.<\/p>\n<p>&#8220;Tudo isto poderia ter sido evitado se houvesse transpar\u00eancia e licitude no processo desde o in\u00edcio, quando houve o edital para o leil\u00e3o do porta-avi\u00f5es&#8221;, diz a fundadora da Associa\u00e7\u00e3o Brasileira dos Expostos ao Amianto, Fernanda Giannasi.<\/p>\n<p>&#8220;Se o navio atracar no Rio, teremos de criar uma frente que exija transpar\u00eancia nas informa\u00e7\u00f5es, invent\u00e1rio correto dos t\u00f3xicos e a desamiantiza\u00e7\u00e3o sob supervis\u00e3o das institui\u00e7\u00f5es p\u00fablicas e controle social em todas as etapas.&#8221;<\/p>\n<p>O amianto \u00e9 apontado como causador de doen\u00e7as como asbestose, doen\u00e7a cr\u00f4nica pulmonar de origem ocupacional, c\u00e2nceres de pulm\u00e3o e do trato gastrointestinal, por exemplo.<\/p>\n<p>PORTA-AVI\u00d5ES ERA O MAIOR NAVIO DE GUERRA BRASILEIRO<br \/>\nO porta-avi\u00f5es S\u00e3o Paulo foi vendido em 2021 por R$ 10,5 milh\u00f5es. Era o maior navio de guerra brasileiro, com 31 mil toneladas, 266 metros de comprimento e capacidade para at\u00e9 40 aeronaves. Seu armamento era composto por tr\u00eas lan\u00e7adores duplos de m\u00edsseis e metralhadoras de grosso calibre.<\/p>\n<p>Constru\u00eddo no fim dos anos 1950, foi batizado inicialmente de Foch e, ap\u00f3s integrar a esquadra francesa, chegou ao Brasil em 2001. Operou at\u00e9 2017, quando a Marinha decidiu se desfazer dele.<\/p>\n<p>Nicola Mulinaris, diretor de Comunica\u00e7\u00e3o e assessor pol\u00edtico da Shipbreaking Platform, diz que o transporte do navio desrespeita regras do acordo de Basileia, pelas falhas na caracteriza\u00e7\u00e3o dos res\u00edduos t\u00f3xicos e por falta de aviso aos pa\u00edses em cujas \u00e1guas ele vai navegar at\u00e9 chegar \u00e0 Turquia.<\/p>\n<p>Segundo ele, a inspe\u00e7\u00e3o da Grieg Green identificou pouco menos de dez toneladas de amianto no navio, enquanto um porta-avi\u00f5es franc\u00eas da mesma classe, chamado Clemenceau, tinha 760 toneladas.<\/p>\n<p>A Oceans Prime afirmou que foi notificada e repassou \u00e0 Sok. Suas atividades, diz, se resumiram &#8220;\u00e0quelas burocr\u00e1ticas necess\u00e1rias \u00e0 exporta\u00e7\u00e3o do bem&#8221;. &#8220;Esperamos que a Sok contate diretamente o Ibama ou, alternativamente, nos envie informa\u00e7\u00f5es relacionadas ao seu of\u00edcio.&#8221;<\/p>\n<p>A reportagem ainda n\u00e3o conseguiu contato com a Sok.<\/p>\n<p>Fonte: Folha SP<\/p>\n","protected":false},"excerpt":{"rendered":"<p>O Ibama (Instituto Brasileiro do Meio Ambiente e Recursos Naturais Renov\u00e1veis) decidiu cancelar a autoriza\u00e7\u00e3o de exporta\u00e7\u00e3o do porta-avi\u00f5es S\u00e3o Paulo para a Turquia e&#8230;<\/p>\n","protected":false},"author":1527,"featured_media":41131,"comment_status":"closed","ping_status":"closed","sticky":false,"template":"","format":"standard","meta":{"footnotes":""},"categories":[6],"tags":[],"class_list":["post-41130","post","type-post","status-publish","format-standard","has-post-thumbnail","hentry","category-noticias"],"_links":{"self":[{"href":"https:\/\/www.sincomam.org.br\/index.php\/wp-json\/wp\/v2\/posts\/41130","targetHints":{"allow":["GET"]}}],"collection":[{"href":"https:\/\/www.sincomam.org.br\/index.php\/wp-json\/wp\/v2\/posts"}],"about":[{"href":"https:\/\/www.sincomam.org.br\/index.php\/wp-json\/wp\/v2\/types\/post"}],"author":[{"embeddable":true,"href":"https:\/\/www.sincomam.org.br\/index.php\/wp-json\/wp\/v2\/users\/1527"}],"replies":[{"embeddable":true,"href":"https:\/\/www.sincomam.org.br\/index.php\/wp-json\/wp\/v2\/comments?post=41130"}],"version-history":[{"count":1,"href":"https:\/\/www.sincomam.org.br\/index.php\/wp-json\/wp\/v2\/posts\/41130\/revisions"}],"predecessor-version":[{"id":41132,"href":"https:\/\/www.sincomam.org.br\/index.php\/wp-json\/wp\/v2\/posts\/41130\/revisions\/41132"}],"wp:featuredmedia":[{"embeddable":true,"href":"https:\/\/www.sincomam.org.br\/index.php\/wp-json\/wp\/v2\/media\/41131"}],"wp:attachment":[{"href":"https:\/\/www.sincomam.org.br\/index.php\/wp-json\/wp\/v2\/media?parent=41130"}],"wp:term":[{"taxonomy":"category","embeddable":true,"href":"https:\/\/www.sincomam.org.br\/index.php\/wp-json\/wp\/v2\/categories?post=41130"},{"taxonomy":"post_tag","embeddable":true,"href":"https:\/\/www.sincomam.org.br\/index.php\/wp-json\/wp\/v2\/tags?post=41130"}],"curies":[{"name":"wp","href":"https:\/\/api.w.org\/{rel}","templated":true}]}}