{"id":41124,"date":"2022-08-30T09:14:36","date_gmt":"2022-08-30T12:14:36","guid":{"rendered":"http:\/\/www.sincomam.org.br\/?p=41124"},"modified":"2022-08-30T09:14:36","modified_gmt":"2022-08-30T12:14:36","slug":"rio-de-janeiro-registra-primeira-morte-por-variola-dos-macacos","status":"publish","type":"post","link":"https:\/\/www.sincomam.org.br\/index.php\/rio-de-janeiro-registra-primeira-morte-por-variola-dos-macacos\/","title":{"rendered":"Rio de Janeiro registra primeira morte por var\u00edola dos macacos"},"content":{"rendered":"<p>O Rio de Janeiro registrou nesta segunda-feira (29) a primeira morte por var\u00edola dos macacos no estado. O paciente, um homem de 33 anos, estava internado no Hospital Ferreira Machado, em Campos dos Goytacazes, no norte fluminense. A Secretaria municipal de Sa\u00fade de Campos informou que a v\u00edtima apresentava baixa imunidade e comorbidades, que agravaram o quadro da doen\u00e7a.<img decoding=\"async\" src=\"https:\/\/agenciabrasil.ebc.com.br\/ebc.png?id=1479605&amp;o=node\" \/><img decoding=\"async\" src=\"https:\/\/agenciabrasil.ebc.com.br\/ebc.gif?id=1479605&amp;o=node\" \/><\/p>\n<p>O paciente apresentou complica\u00e7\u00f5es e\u00a0precisou ser transferido para leito de UTI no dia 19.\u00a0Campos est\u00e1 monitorando as pessoas que tiveram contato com o paciente, mas, por enquanto, ningu\u00e9m\u00a0apresentou sinais e sintomas de infec\u00e7\u00e3o pelo v\u00edrus.<\/p>\n<p>A Secretaria de Estado de Sa\u00fade do Rio contabiliza at\u00e9 esta segunda-feira, 611 casos confirmados e 61 prov\u00e1veis de var\u00edola dos macacos no estado. Outros 474 casos suspeitos seguem em investiga\u00e7\u00e3o, enquanto\u00a0751 foram descartados.<\/p>\n<p>Desde o primeiro caso suspeito registrado no estado, o Centro de Informa\u00e7\u00f5es Estrat\u00e9gicas de Vigil\u00e2ncia em Sa\u00fade da SES faz o monitoramento \u00a0di\u00e1rio dos casos, em parceria com os laborat\u00f3rios de refer\u00eancia da Funda\u00e7\u00e3o Oswaldo Cruz (Fiocruz) e da Universidade Federal do Rio\u00a0de Janeiro\u00a0(UFRJ) e as secretarias municipais de Sa\u00fade.<\/p>\n<h2>Orienta\u00e7\u00f5es<\/h2>\n<p>A Secretaria vem, desde a semana passada, abrindo postos de coleta de amostras para testagem de casos suspeitos da doen\u00e7a, para apoiar\u00a0as unidades de sa\u00fade.\u00a0Os casos suspeitos s\u00e3o aqueles em que os pacientes, de qualquer idade, apresentam in\u00edcio s\u00fabito de les\u00e3o em mucosas e\/ou erup\u00e7\u00e3o cut\u00e2nea aguda sugestiva para var\u00edola dos macacos, \u00fanica ou m\u00faltipla, em qualquer parte do corpo. Tamb\u00e9m podem apresentar edema nos \u00f3rg\u00e3o genitais, podendo estar associada a outros sinais e sintomas.<\/p>\n<p>Os casos prov\u00e1veis s\u00e3o aqueles em que o paciente apresenta um ou mais dos crit\u00e9rios listados como exposi\u00e7\u00e3o pr\u00f3xima e prolongada, sem prote\u00e7\u00e3o respirat\u00f3ria, ou contato f\u00edsico direto com parcerias m\u00faltiplas e\/ou desconhecidas nos 21 dias anteriores ao in\u00edcio dos sinais; contato com materiais contaminados, como roupas de cama e banho ou utens\u00edlios pessoais de um caso prov\u00e1vel ou confirmado de var\u00edola dos macacos\u00a0e trabalhadores da sa\u00fade sem uso adequado de equipamentos de prote\u00e7\u00e3o individual que tiveram contato com caso prov\u00e1vel ou confirmado da doen\u00e7a nos 21 dias anteriores ao in\u00edcio dos sinais e sintomas.<\/p>\n<p>Embora a doen\u00e7a tenha sido identificada pela primeira vez em macacos, o surto atual n\u00e3o tem rela\u00e7\u00e3o com esses animais.<\/p>\n<p>Fonte: Ag\u00eancia Brasil<\/p>\n","protected":false},"excerpt":{"rendered":"<p>O Rio de Janeiro registrou nesta segunda-feira (29) a primeira morte por var\u00edola dos macacos no estado. O paciente, um homem de 33 anos, estava&#8230;<\/p>\n","protected":false},"author":1527,"featured_media":0,"comment_status":"closed","ping_status":"closed","sticky":false,"template":"","format":"standard","meta":{"footnotes":""},"categories":[6],"tags":[],"class_list":["post-41124","post","type-post","status-publish","format-standard","hentry","category-noticias"],"_links":{"self":[{"href":"https:\/\/www.sincomam.org.br\/index.php\/wp-json\/wp\/v2\/posts\/41124","targetHints":{"allow":["GET"]}}],"collection":[{"href":"https:\/\/www.sincomam.org.br\/index.php\/wp-json\/wp\/v2\/posts"}],"about":[{"href":"https:\/\/www.sincomam.org.br\/index.php\/wp-json\/wp\/v2\/types\/post"}],"author":[{"embeddable":true,"href":"https:\/\/www.sincomam.org.br\/index.php\/wp-json\/wp\/v2\/users\/1527"}],"replies":[{"embeddable":true,"href":"https:\/\/www.sincomam.org.br\/index.php\/wp-json\/wp\/v2\/comments?post=41124"}],"version-history":[{"count":1,"href":"https:\/\/www.sincomam.org.br\/index.php\/wp-json\/wp\/v2\/posts\/41124\/revisions"}],"predecessor-version":[{"id":41127,"href":"https:\/\/www.sincomam.org.br\/index.php\/wp-json\/wp\/v2\/posts\/41124\/revisions\/41127"}],"wp:attachment":[{"href":"https:\/\/www.sincomam.org.br\/index.php\/wp-json\/wp\/v2\/media?parent=41124"}],"wp:term":[{"taxonomy":"category","embeddable":true,"href":"https:\/\/www.sincomam.org.br\/index.php\/wp-json\/wp\/v2\/categories?post=41124"},{"taxonomy":"post_tag","embeddable":true,"href":"https:\/\/www.sincomam.org.br\/index.php\/wp-json\/wp\/v2\/tags?post=41124"}],"curies":[{"name":"wp","href":"https:\/\/api.w.org\/{rel}","templated":true}]}}