{"id":41121,"date":"2022-08-30T09:09:50","date_gmt":"2022-08-30T12:09:50","guid":{"rendered":"http:\/\/www.sincomam.org.br\/?p=41121"},"modified":"2022-08-30T09:09:50","modified_gmt":"2022-08-30T12:09:50","slug":"militares-brasileiros-promovem-visitas-de-instrucao-aos-alunos-de-curso-de-desminagem-na-colombia","status":"publish","type":"post","link":"https:\/\/www.sincomam.org.br\/index.php\/militares-brasileiros-promovem-visitas-de-instrucao-aos-alunos-de-curso-de-desminagem-na-colombia\/","title":{"rendered":"Militares Brasileiros promovem visitas de Instru\u00e7\u00e3o aos Alunos de Curso de Desminagem na Col\u00f4mbia"},"content":{"rendered":"<p>Nos dias 25 e 26 de agosto, os oficiais brasileiros que integram o Grupo de Assessores T\u00e9cnicos Interamericanos na Col\u00f4mbia (GATI-CO), Tenente-Coronel de Engenharia do Ex\u00e9rcito Brasileiro\u00a0<strong>Cl\u00e1udio Santos Bispo<\/strong>\u00a0e Capit\u00e3o-Tenente (FN) da Marinha do Brasil\u00a0<strong>Gustavo Lopes da Silva Freitas<\/strong>, conduziram a realiza\u00e7\u00e3o de visitas de instru\u00e7\u00e3o com os alunos do Curso de Monitor de Desminagem Humanit\u00e1ria na Col\u00f4mbia.<\/p>\n<p>Os instrutores e alunos, inicialmente, visitaram o Museu Militar da Col\u00f4mbia que fica localizado no Centro Hist\u00f3rico de Bogot\u00e1. Na oportunidade, foram apresentados a evolu\u00e7\u00e3o hist\u00f3rica e os espa\u00e7os tem\u00e1ticos em homenagem \u00e0s tr\u00eas For\u00e7as Militares colombianas, e armamentos, equipamentos e document\u00e1rios sobre o \u201cBatalh\u00e3o Col\u00f4mbia\u201d que atuou na Guerra da Cor\u00e9ia.<\/p>\n<div class=\"td-a-rec td-a-rec-id-content_inline td_uid_2_630deeb975f38_rand td_block_template_11\">\n<p><b>Nos siga no\u00a0<a href=\"https:\/\/instagram.com\/defesaemfoco_oficial\" target=\"_new\" rel=\"noopener\">Instagram<\/a>,\u00a0<a href=\"https:\/\/t.me\/DefesaEmFoco\" target=\"_new\" rel=\"noopener\">Telegram<\/a>\u00a0ou no\u00a0<a href=\"https:\/\/www.defesaemfoco.com.br\/grupo-whatsapp\" target=\"_new\" rel=\"noopener\">Whatsapp<\/a>\u00a0e fique atualizado com as \u00faltimas not\u00edcias de nossas for\u00e7as armadas e ind\u00fastria da defesa.<\/b><\/p>\n<\/div>\n<p>O destaque da visita ao museu foi a exposi\u00e7\u00e3o do material hist\u00f3rico coletado em pesquisas e entrevistas \u00e0s v\u00edtimas civis e militares sequestradas, mantidas em cativeiros e at\u00e9 desaparecidas por grupos da narcoguerrilha que marcaram o pa\u00eds. Al\u00e9m disso, os alunos visitaram salas destinadas a homenagear os militares mortos ou feridos por minas explosivas e artefatos explosivos improvisados em opera\u00e7\u00f5es militares.<\/p>\n<p>Os oficiais brasileiros tamb\u00e9m proporcionaram uma visita ao Centro de Reabilita\u00e7\u00e3o Inclusiva destinado aos militares n\u00e3o mais considerados aptos \u00e0s opera\u00e7\u00f5es de desminagem, devido a acidentes causados por a\u00e7\u00e3o direta de uma mina ou artefato explosivo. Os alunos conheceram os espa\u00e7os adaptados para os diversos tipos de tratamentos, as \u00e1reas de treinamento f\u00edsico usadas, inclusive, pela equipe de desportos paral\u00edmpica colombiana, alguns simuladores de ve\u00edculos e transportes p\u00fablicos e uma resid\u00eancia modificada, a fim de adaptar as pessoas com restri\u00e7\u00f5es de movimentos \u00e0s novas atividades cotidianas.<\/p>\n<p>As atividades inovadoras promovidas pelos Assessores Interamericanos do Brasil aos alunos colombianos, contribu\u00edram para ampliar o conhecimento hist\u00f3rico-militar e o senso cr\u00edtico da origem e das consequ\u00eancias de toda mazela causadas pelas minas antipessoais e artefatos explosivos, que ainda hoje tanto impactam a Col\u00f4mbia.<\/p>\n<p>Fonte: Defesa em Foco<\/p>\n","protected":false},"excerpt":{"rendered":"<p>Nos dias 25 e 26 de agosto, os oficiais brasileiros que integram o Grupo de Assessores T\u00e9cnicos Interamericanos na Col\u00f4mbia (GATI-CO), Tenente-Coronel de Engenharia do&#8230;<\/p>\n","protected":false},"author":1527,"featured_media":41122,"comment_status":"closed","ping_status":"closed","sticky":false,"template":"","format":"standard","meta":{"footnotes":""},"categories":[6],"tags":[],"class_list":["post-41121","post","type-post","status-publish","format-standard","has-post-thumbnail","hentry","category-noticias"],"_links":{"self":[{"href":"https:\/\/www.sincomam.org.br\/index.php\/wp-json\/wp\/v2\/posts\/41121","targetHints":{"allow":["GET"]}}],"collection":[{"href":"https:\/\/www.sincomam.org.br\/index.php\/wp-json\/wp\/v2\/posts"}],"about":[{"href":"https:\/\/www.sincomam.org.br\/index.php\/wp-json\/wp\/v2\/types\/post"}],"author":[{"embeddable":true,"href":"https:\/\/www.sincomam.org.br\/index.php\/wp-json\/wp\/v2\/users\/1527"}],"replies":[{"embeddable":true,"href":"https:\/\/www.sincomam.org.br\/index.php\/wp-json\/wp\/v2\/comments?post=41121"}],"version-history":[{"count":1,"href":"https:\/\/www.sincomam.org.br\/index.php\/wp-json\/wp\/v2\/posts\/41121\/revisions"}],"predecessor-version":[{"id":41123,"href":"https:\/\/www.sincomam.org.br\/index.php\/wp-json\/wp\/v2\/posts\/41121\/revisions\/41123"}],"wp:featuredmedia":[{"embeddable":true,"href":"https:\/\/www.sincomam.org.br\/index.php\/wp-json\/wp\/v2\/media\/41122"}],"wp:attachment":[{"href":"https:\/\/www.sincomam.org.br\/index.php\/wp-json\/wp\/v2\/media?parent=41121"}],"wp:term":[{"taxonomy":"category","embeddable":true,"href":"https:\/\/www.sincomam.org.br\/index.php\/wp-json\/wp\/v2\/categories?post=41121"},{"taxonomy":"post_tag","embeddable":true,"href":"https:\/\/www.sincomam.org.br\/index.php\/wp-json\/wp\/v2\/tags?post=41121"}],"curies":[{"name":"wp","href":"https:\/\/api.w.org\/{rel}","templated":true}]}}