{"id":41111,"date":"2022-08-30T08:54:10","date_gmt":"2022-08-30T11:54:10","guid":{"rendered":"http:\/\/www.sincomam.org.br\/?p=41111"},"modified":"2022-08-30T08:54:10","modified_gmt":"2022-08-30T11:54:10","slug":"petrobras-desafio-para-projetos-de-eolica-em-alto-mar-e-ajustar-a-relacao-risco-retorno","status":"publish","type":"post","link":"https:\/\/www.sincomam.org.br\/index.php\/petrobras-desafio-para-projetos-de-eolica-em-alto-mar-e-ajustar-a-relacao-risco-retorno\/","title":{"rendered":"Petrobras: Desafio para projetos de e\u00f3lica em alto-mar \u00e9 ajustar a rela\u00e7\u00e3o risco\/retorno"},"content":{"rendered":"<p>O grande desafio para desenvolver projetos de gera\u00e7\u00e3o de energia e\u00f3lica em alto-mar (offshore) \u00e9 ajustar o risco e o retorno, afirmou o diretor de relacionamento institucional e sustentabilidade da Petrobras, Rafael Chaves, em apresenta\u00e7\u00e3o na tarde de hoje a executivos durante o Offshore Northern Seas (ONS), maior evento de energia da Europa, em Stavanger, na Noruega.<\/p>\n<p>Chaves disse que um grupo multidisciplinar dentro da Petrobras segue estudando, em parceria com a Equinor, a viabilidade de desenvolver um projeto e\u00f3lico offshore de 4 gigawatts (GW) de capacidade no campo de Aracatu, na Bacia de Campos.<br \/>\nEle destacou ainda que um projeto desse tipo vai demandar alto investimento e que possivelmente precisar\u00e1 ser desenvolvido junto com um projeto de hidrog\u00eanio. \u201cAo final do ano vamos decidir se vamos colocar dinheiro nesse projeto, juntamente com a Equinor\u201d, afirmou.<br \/>\nEm dezembro, a Petrobras vai divulgar o plano estrat\u00e9gico para os anos de 2023 a 2027.<br \/>\nDe acordo com o diretor, com a transi\u00e7\u00e3o energ\u00e9tica, al\u00e9m das e\u00f3licas offshore, a estatal tem avaliado investimentos em energia nuclear, hidrog\u00eanio e captura e estocagem de carbono, assim como biocombust\u00edveis. Chaves destacou, entretanto, que a Petrobras vai escolher investir naqueles projetos em que tenha vantagens competitivas e que sejam rent\u00e1veis.<br \/>\n\u201c\u00c9 dif\u00edcil saber qual vai ser o caminho da transi\u00e7\u00e3o energ\u00e9tica. Provavelmente, muitas fontes de energia v\u00e3o coexistir no futuro\u201d, afirmou.<\/p>\n<p>Fonte: Valor<\/p>\n","protected":false},"excerpt":{"rendered":"<p>O grande desafio para desenvolver projetos de gera\u00e7\u00e3o de energia e\u00f3lica em alto-mar (offshore) \u00e9 ajustar o risco e o retorno, afirmou o diretor de&#8230;<\/p>\n","protected":false},"author":1527,"featured_media":41112,"comment_status":"closed","ping_status":"closed","sticky":false,"template":"","format":"standard","meta":{"footnotes":""},"categories":[6],"tags":[],"class_list":["post-41111","post","type-post","status-publish","format-standard","has-post-thumbnail","hentry","category-noticias"],"_links":{"self":[{"href":"https:\/\/www.sincomam.org.br\/index.php\/wp-json\/wp\/v2\/posts\/41111","targetHints":{"allow":["GET"]}}],"collection":[{"href":"https:\/\/www.sincomam.org.br\/index.php\/wp-json\/wp\/v2\/posts"}],"about":[{"href":"https:\/\/www.sincomam.org.br\/index.php\/wp-json\/wp\/v2\/types\/post"}],"author":[{"embeddable":true,"href":"https:\/\/www.sincomam.org.br\/index.php\/wp-json\/wp\/v2\/users\/1527"}],"replies":[{"embeddable":true,"href":"https:\/\/www.sincomam.org.br\/index.php\/wp-json\/wp\/v2\/comments?post=41111"}],"version-history":[{"count":1,"href":"https:\/\/www.sincomam.org.br\/index.php\/wp-json\/wp\/v2\/posts\/41111\/revisions"}],"predecessor-version":[{"id":41113,"href":"https:\/\/www.sincomam.org.br\/index.php\/wp-json\/wp\/v2\/posts\/41111\/revisions\/41113"}],"wp:featuredmedia":[{"embeddable":true,"href":"https:\/\/www.sincomam.org.br\/index.php\/wp-json\/wp\/v2\/media\/41112"}],"wp:attachment":[{"href":"https:\/\/www.sincomam.org.br\/index.php\/wp-json\/wp\/v2\/media?parent=41111"}],"wp:term":[{"taxonomy":"category","embeddable":true,"href":"https:\/\/www.sincomam.org.br\/index.php\/wp-json\/wp\/v2\/categories?post=41111"},{"taxonomy":"post_tag","embeddable":true,"href":"https:\/\/www.sincomam.org.br\/index.php\/wp-json\/wp\/v2\/tags?post=41111"}],"curies":[{"name":"wp","href":"https:\/\/api.w.org\/{rel}","templated":true}]}}