{"id":4110,"date":"2014-03-12T08:15:50","date_gmt":"2014-03-12T11:15:50","guid":{"rendered":"http:\/\/www.sincomam.org.br\/?p=4110"},"modified":"2014-03-11T17:39:36","modified_gmt":"2014-03-11T20:39:36","slug":"inscricoes-para-o-sisutec-serao-abertas-dia-17-de-marco","status":"publish","type":"post","link":"https:\/\/www.sincomam.org.br\/index.php\/inscricoes-para-o-sisutec-serao-abertas-dia-17-de-marco\/","title":{"rendered":"Inscri\u00e7\u00f5es para o Sisutec ser\u00e3o abertas dia 17 de mar\u00e7o"},"content":{"rendered":"<p>O Minist\u00e9rio da Educa\u00e7\u00e3o informou que as inscri\u00e7\u00f5es para o Sistema de Sele\u00e7\u00e3o Unificada da Educa\u00e7\u00e3o Profissional e Tecnol\u00f3gica (Sisutec) v\u00e3o come\u00e7ar no dia 17 de mar\u00e7o, com encerramento no dia 21. Em 2013, primeiro ano do Sisutec, foram abertas 239.792 vagas em cursos t\u00e9cnicos para quem j\u00e1 havia conclu\u00eddo o ensino m\u00e9dio. Por meio desse sistema que institui\u00e7\u00f5es p\u00fablicas e particulares de educa\u00e7\u00e3o superior e de educa\u00e7\u00e3o profissional e tecnol\u00f3gica oferecem vagas gratuitas em cursos t\u00e9cnicos. Podem se inscrever pessoas que participaram do Exame Nacional do Ensino M\u00e9dio (Enem).<\/p>\n<p>Foram, ao todo, 117 cursos oferecidos em 586 estabelecimentos, dentre institui\u00e7\u00f5es de ensino superior; escolas t\u00e9cnicas privadas, institutos federais de educa\u00e7\u00e3o, ci\u00eancia e tecnologia; escolas t\u00e9cnicas vinculadas a universidades federais; escolas estaduais e municipais e unidades do chamado Sistema S (Senai, Sesi, Senac, Senat, dentre outras).<\/p>\n<p>O Sisutec \u00e9 uma das vias de acesso ao Programa Nacional de Acesso ao Ensino T\u00e9cnico e Emprego (Pronatec), que foi criado pelo governo federal em 2011 com o objetivo de ampliar a oferta de cursos de educa\u00e7\u00e3o profissional e tecnol\u00f3gica e oferece dois tipos de curso: o t\u00e9cnico, para quem est\u00e1 matriculado no ensino m\u00e9dio, com dura\u00e7\u00e3o de um ano, e o curso de forma\u00e7\u00e3o inicial e continuada ou qualifica\u00e7\u00e3o profissional, com dura\u00e7\u00e3o m\u00ednima de dois meses para quem concluiu.<\/p>\n<p>Fonte: Ag\u00eancia Brasil<\/p>\n","protected":false},"excerpt":{"rendered":"<p>O Minist\u00e9rio da Educa\u00e7\u00e3o informou que as inscri\u00e7\u00f5es para o Sistema de Sele\u00e7\u00e3o Unificada da Educa\u00e7\u00e3o Profissional e Tecnol\u00f3gica (Sisutec) v\u00e3o come\u00e7ar no dia 17&#8230;<\/p>\n","protected":false},"author":1182,"featured_media":3546,"comment_status":"closed","ping_status":"closed","sticky":false,"template":"","format":"standard","meta":{"footnotes":""},"categories":[6],"tags":[96,336,704,450,703],"class_list":["post-4110","post","type-post","status-publish","format-standard","has-post-thumbnail","hentry","category-noticias","tag-cursos","tag-inscricoes","tag-marco","tag-qualificacao","tag-sisutec"],"_links":{"self":[{"href":"https:\/\/www.sincomam.org.br\/index.php\/wp-json\/wp\/v2\/posts\/4110","targetHints":{"allow":["GET"]}}],"collection":[{"href":"https:\/\/www.sincomam.org.br\/index.php\/wp-json\/wp\/v2\/posts"}],"about":[{"href":"https:\/\/www.sincomam.org.br\/index.php\/wp-json\/wp\/v2\/types\/post"}],"author":[{"embeddable":true,"href":"https:\/\/www.sincomam.org.br\/index.php\/wp-json\/wp\/v2\/users\/1182"}],"replies":[{"embeddable":true,"href":"https:\/\/www.sincomam.org.br\/index.php\/wp-json\/wp\/v2\/comments?post=4110"}],"version-history":[{"count":1,"href":"https:\/\/www.sincomam.org.br\/index.php\/wp-json\/wp\/v2\/posts\/4110\/revisions"}],"predecessor-version":[{"id":4111,"href":"https:\/\/www.sincomam.org.br\/index.php\/wp-json\/wp\/v2\/posts\/4110\/revisions\/4111"}],"wp:featuredmedia":[{"embeddable":true,"href":"https:\/\/www.sincomam.org.br\/index.php\/wp-json\/wp\/v2\/media\/3546"}],"wp:attachment":[{"href":"https:\/\/www.sincomam.org.br\/index.php\/wp-json\/wp\/v2\/media?parent=4110"}],"wp:term":[{"taxonomy":"category","embeddable":true,"href":"https:\/\/www.sincomam.org.br\/index.php\/wp-json\/wp\/v2\/categories?post=4110"},{"taxonomy":"post_tag","embeddable":true,"href":"https:\/\/www.sincomam.org.br\/index.php\/wp-json\/wp\/v2\/tags?post=4110"}],"curies":[{"name":"wp","href":"https:\/\/api.w.org\/{rel}","templated":true}]}}