{"id":41094,"date":"2022-08-29T10:10:58","date_gmt":"2022-08-29T13:10:58","guid":{"rendered":"http:\/\/www.sincomam.org.br\/?p=41094"},"modified":"2022-08-29T10:10:58","modified_gmt":"2022-08-29T13:10:58","slug":"acoes-contra-o-escalpelamento-reduzem-em-50-os-acidentes-na-amazonia","status":"publish","type":"post","link":"https:\/\/www.sincomam.org.br\/index.php\/acoes-contra-o-escalpelamento-reduzem-em-50-os-acidentes-na-amazonia\/","title":{"rendered":"A\u00e7\u00f5es contra o escalpelamento reduzem em 50% os acidentes na Amaz\u00f4nia"},"content":{"rendered":"<p class=\"rtejustify\">No Dia Nacional de Combate e Preven\u00e7\u00e3o ao Escalpelamento, 28 de agosto, a Marinha do Brasil (MB) contabiliza 160 dias sem acidentes e uma redu\u00e7\u00e3o de 50% nos casos ocorridos em 2022. De janeiro a agosto deste ano foram quatro acidentes de escalpelamento nos estados do Par\u00e1 e do Amap\u00e1. A quantidade \u00e9 metade dos ocorridos no mesmo per\u00edodo em 2021. Durante todo o ano passado aconteceram 15 acidentes.<\/p>\n<p class=\"rtejustify\">Em v\u00e1rios per\u00edodos do ano, em A\u00e7\u00f5es C\u00edvico-Sociais da MB nas comunidades ribeirinhas, s\u00e3o realizadas a\u00e7\u00f5es de enfrentamento ao escalpelamento, por\u00e9m, neste m\u00eas, as atividades est\u00e3o sendo intensificas entre 25 de agosto a 2 de setembro, nos munic\u00edpios de Muan\u00e1 e Limoeiro do Ajuru, no Par\u00e1, e no dia 27, nos munic\u00edpios de Macap\u00e1 e Santana, no Amap\u00e1.<\/p>\n<p class=\"rtejustify\">No Estado do Par\u00e1, est\u00e3o sendo promovidas palestras, doa\u00e7\u00e3o e instala\u00e7\u00e3o gratuita de coberturas de eixo de motor, distribui\u00e7\u00e3o de coletes salva-vidas e de toucas de prote\u00e7\u00e3o para os cabelos, panfletos educativos e orienta\u00e7\u00e3o do Grupo de Atendimento ao P\u00fablico Itinerante da Capitania dos Portos da Amaz\u00f4nia Oriental (CPAOR).<\/p>\n<p class=\"rtecenter\"><img decoding=\"async\" src=\"https:\/\/www.marinha.mil.br\/sites\/default\/files\/foto002_6.jpg\" alt=\"\" \/><br \/>\n<strong>Militar da Marinha durante instala\u00e7\u00e3o da cobertura de eixo de motor<\/strong><\/p>\n<p class=\"rtejustify\">As atividades visam erradicar esse tipo de acidente na regi\u00e3o e s\u00e3o promovidas pela CPAOR com apoio de institui\u00e7\u00f5es civis e governamentais. Elas ocorrem em escolas municipais e estaduais localizadas nas zonas urbanas e rurais, em centros comunit\u00e1rios, em portos, em feiras e em locais com maior fluxo de pessoas.<\/p>\n<p class=\"rtejustify\">O Capit\u00e3o dos Portos informa, ainda, que os propriet\u00e1rios de embarca\u00e7\u00e3o que n\u00e3o possuem cobertura de eixo tamb\u00e9m podem solicitar \u00e0 CPAOR, localizada em Bel\u00e9m, ou a uma das embarca\u00e7\u00f5es da Capitania que estiverem passando pelo munic\u00edpio dos interessados. \u201cLembro que a seguran\u00e7a da navega\u00e7\u00e3o \u00e9 responsabilidade de todos\u201d, destacou.<\/p>\n<div>\n<p class=\"rtejustify\"><strong>Amap\u00e1<\/strong><br \/>\nNo Amap\u00e1, a Capitania dos Portos do Amap\u00e1 (CPAP) realizar\u00e1, entre os dias 26 e 29 de agosto, a\u00e7\u00f5es alusivas ao Dia Nacional de Combate e Preven\u00e7\u00e3o ao Escalpelamento, com palestras educativas sobre o tema aos estudantes de Enfermagem e Pedagogia da Faculdade Madre Tereza em Santana, e aos alunos da Escola Municipal de Educa\u00e7\u00e3o B\u00e1sica Leonice Dias Borges, na ilha de Santana.<\/p>\n<p class=\"rtejustify\">Seguindo a programa\u00e7\u00e3o de a\u00e7\u00f5es, a CPAP empregar\u00e1, no dia 27, uma equipe de militares para realizar cobertura dos eixos dos motores das embarca\u00e7\u00f5es no Igarap\u00e9 das Mulheres, munic\u00edpio de Macap\u00e1, onde fica localizada a Associa\u00e7\u00e3o de Mulheres Ribeirinhas e v\u00edtimas de Escalpelamento. Durante todo o per\u00edodo, a equipe de inspe\u00e7\u00e3o naval orientar\u00e1 os condutores das embarca\u00e7\u00f5es que trafegam pelo Rio Amazonas sobre os riscos de um acidente com eixos e partes m\u00f3veis de motores desprotegidos, bem como divulgado o trabalho que vem sendo executado para diminuir as ocorr\u00eancias.<\/p>\n<p class=\"rtejustify\"><strong>Escalpelamento<\/strong><br \/>\nEsse tipo de acidente costuma acontecer quando, por descuido, os cabelos compridos se enrolam no eixo do motor de pequenas embarca\u00e7\u00f5es durante uma pesca ou transporte para a escola ou trabalho, fazendo com que parte ou todo o couro cabeludo seja arrancado bruscamente. As v\u00edtimas, a maioria mulheres e meninas, podem at\u00e9 ter suas orelhas, sobrancelhas, p\u00e1lpebras e parte do rosto e pesco\u00e7o arrancados, causando deformidades que ir\u00e3o acompanh\u00e1-las por toda a vida. Em casos mais graves, o acidente pode causar o \u00f3bito.<\/p>\n<div class=\"field field-name-body field-type-text-with-summary field-label-hidden\">\n<div class=\"field-items\">\n<div class=\"field-item even\">\n<div>\n<p class=\"rtecenter\"><strong>Uma das a\u00e7\u00f5es de preven\u00e7\u00e3o ao escalpelamento \u00e9 a doa\u00e7\u00e3o de toucas<\/strong><\/p>\n<p class=\"rtejustify\">Regina Formigosa de Lima, v\u00edtima de escalpelamento aos 22 anos no estado do Par\u00e1, contou que o acidente ocorreu quando saiu para passear e se sentou na parte traseira de um barco quen\u00e3o tinha prote\u00e7\u00e3o no eixo do motor. Os cabelos estavam soltos e foram puxados violentamente. \u201cDesde que sofri o acidente, nunca fiquei boa. S\u00e3o feridas que aparecem no couro cabeludo, que tem de cuidar. Al\u00e9m disso, tem o preconceito da sociedade. Passei a viver melhor, quando comecei a ter mais informa\u00e7\u00e3o\u201d, ressaltou Regina.<\/p>\n<p class=\"rtecenter\">\n<strong>O acidente de Regina poderia ter sido evitado se o barco tivesse prote\u00e7\u00e3o no eixo do motor<\/strong><\/p>\n<p class=\"rtejustify\">Ela ainda alertou que \u201ca pessoa pensa que n\u00e3o vai acontecer com a fam\u00edlia dela e que, por causa do descuido, os acidentes acontecem\u201d. Regina refor\u00e7ou que mulheres e crian\u00e7as devem usar os cabelos presos e cobertos com bon\u00e9 ou toucas para que n\u00e3o sejam mais uma v\u00edtima. Tamb\u00e9m destacou o trabalho da MB. \u201c\u00c9 muito importante o movimento da Marinha, que est\u00e1 sempre nos rios, fiscalizando e educando. Espero que as pessoas tenham este mesmo olhar para nossa causa\u201d.<\/p>\n<\/div>\n<div><\/div>\n<\/div>\n<\/div>\n<\/div>\n<div class=\"field field-name-field-fonte-noticia-agencia field-type-text field-label-hidden\">\n<div class=\"field-items\">\n<div class=\"field-item even\">Fonte: Ag\u00eancia Marinha de Not\u00edcias<\/div>\n<\/div>\n<\/div>\n<\/div>\n","protected":false},"excerpt":{"rendered":"<p>No Dia Nacional de Combate e Preven\u00e7\u00e3o ao Escalpelamento, 28 de agosto, a Marinha do Brasil (MB) contabiliza 160 dias sem acidentes e uma redu\u00e7\u00e3o&#8230;<\/p>\n","protected":false},"author":1527,"featured_media":41095,"comment_status":"closed","ping_status":"closed","sticky":false,"template":"","format":"standard","meta":{"footnotes":""},"categories":[6],"tags":[],"class_list":["post-41094","post","type-post","status-publish","format-standard","has-post-thumbnail","hentry","category-noticias"],"_links":{"self":[{"href":"https:\/\/www.sincomam.org.br\/index.php\/wp-json\/wp\/v2\/posts\/41094","targetHints":{"allow":["GET"]}}],"collection":[{"href":"https:\/\/www.sincomam.org.br\/index.php\/wp-json\/wp\/v2\/posts"}],"about":[{"href":"https:\/\/www.sincomam.org.br\/index.php\/wp-json\/wp\/v2\/types\/post"}],"author":[{"embeddable":true,"href":"https:\/\/www.sincomam.org.br\/index.php\/wp-json\/wp\/v2\/users\/1527"}],"replies":[{"embeddable":true,"href":"https:\/\/www.sincomam.org.br\/index.php\/wp-json\/wp\/v2\/comments?post=41094"}],"version-history":[{"count":1,"href":"https:\/\/www.sincomam.org.br\/index.php\/wp-json\/wp\/v2\/posts\/41094\/revisions"}],"predecessor-version":[{"id":41096,"href":"https:\/\/www.sincomam.org.br\/index.php\/wp-json\/wp\/v2\/posts\/41094\/revisions\/41096"}],"wp:featuredmedia":[{"embeddable":true,"href":"https:\/\/www.sincomam.org.br\/index.php\/wp-json\/wp\/v2\/media\/41095"}],"wp:attachment":[{"href":"https:\/\/www.sincomam.org.br\/index.php\/wp-json\/wp\/v2\/media?parent=41094"}],"wp:term":[{"taxonomy":"category","embeddable":true,"href":"https:\/\/www.sincomam.org.br\/index.php\/wp-json\/wp\/v2\/categories?post=41094"},{"taxonomy":"post_tag","embeddable":true,"href":"https:\/\/www.sincomam.org.br\/index.php\/wp-json\/wp\/v2\/tags?post=41094"}],"curies":[{"name":"wp","href":"https:\/\/api.w.org\/{rel}","templated":true}]}}