{"id":41085,"date":"2022-08-29T10:04:18","date_gmt":"2022-08-29T13:04:18","guid":{"rendered":"http:\/\/www.sincomam.org.br\/?p=41085"},"modified":"2022-08-29T10:04:18","modified_gmt":"2022-08-29T13:04:18","slug":"tcu-especies-marinhas-ameacadas-de-extincao-nao-poderao-ser-exploradas","status":"publish","type":"post","link":"https:\/\/www.sincomam.org.br\/index.php\/tcu-especies-marinhas-ameacadas-de-extincao-nao-poderao-ser-exploradas\/","title":{"rendered":"TCU: esp\u00e9cies marinhas amea\u00e7adas de extin\u00e7\u00e3o n\u00e3o poder\u00e3o ser exploradas"},"content":{"rendered":"<p>O Tribunal de Contas da Uni\u00e3o (TCU) analisou, sob a relatoria do ministro-substituto Andr\u00e9 Lu\u00eds de Carvalho, representa\u00e7\u00e3o do Minist\u00e9rio P\u00fablico Federal sobre ind\u00edcios de irregularidades na gest\u00e3o do Minist\u00e9rio do Meio Ambiente (MMA). A quest\u00e3o central \u00e9 a edi\u00e7\u00e3o da Portaria MMA 73, de 2018, que alterou a Portaria MMA 445, de 2014, para autorizar a eventual utiliza\u00e7\u00e3o de esp\u00e9cies amea\u00e7adas de extin\u00e7\u00e3o da fauna aqu\u00e1tica.<\/p>\n<p>A auditoria do TCU identificou a ocorr\u00eancia de falhas no uso sustent\u00e1vel de esp\u00e9cies amea\u00e7adas de extin\u00e7\u00e3o na fauna aqu\u00e1tica brasileira a partir da altera\u00e7\u00e3o da Portaria MMA 445. Teria sido inadequadamente estendido o uso sustent\u00e1vel sobre as esp\u00e9cies dos grupos \u2018Criticamente em Perigo\u2019 e \u2018Em Perigo\u2019.<\/p>\n<p>\u201cAl\u00e9m da inclus\u00e3o indevida, teria havido maior flexibiliza\u00e7\u00e3o dos requisitos para a utiliza\u00e7\u00e3o sustent\u00e1vel dessas esp\u00e9cies (Em Perigo e Criticamente em Perigo). Ao passo que a forma original da Portaria MMA 445\/2014 limitaria o uso sustent\u00e1vel \u00e0s esp\u00e9cies do grupo dos \u2018Vulner\u00e1veis\u2019\u201d, explicou o ministro do TCU Andr\u00e9 Lu\u00eds de Carvalho.<\/p>\n<p>O TCU decidiu que a m\u00ednima amea\u00e7a \u00e0 adequada sobreviv\u00eancia desses grupos (Em perigo e Criticamente em perigo) seria inadmiss\u00edvel, j\u00e1 que possivelmente irrevers\u00edvel. O Tribunal de Contas da Uni\u00e3o determinou ao Minist\u00e9rio do Meio Ambiente a ci\u00eancia preventiva e corretiva de algumas medidas t\u00e9cnicas necess\u00e1rias. O uso sustent\u00e1vel deve ficar restrito \u00e0s esp\u00e9cies classificadas no grupo de \u201cVulner\u00e1veis\u201d.<\/p>\n<p>Fonte: Portos e Navios<\/p>\n","protected":false},"excerpt":{"rendered":"<p>O Tribunal de Contas da Uni\u00e3o (TCU) analisou, sob a relatoria do ministro-substituto Andr\u00e9 Lu\u00eds de Carvalho, representa\u00e7\u00e3o do Minist\u00e9rio P\u00fablico Federal sobre ind\u00edcios de&#8230;<\/p>\n","protected":false},"author":1527,"featured_media":41086,"comment_status":"closed","ping_status":"closed","sticky":false,"template":"","format":"standard","meta":{"footnotes":""},"categories":[6],"tags":[],"class_list":["post-41085","post","type-post","status-publish","format-standard","has-post-thumbnail","hentry","category-noticias"],"_links":{"self":[{"href":"https:\/\/www.sincomam.org.br\/index.php\/wp-json\/wp\/v2\/posts\/41085","targetHints":{"allow":["GET"]}}],"collection":[{"href":"https:\/\/www.sincomam.org.br\/index.php\/wp-json\/wp\/v2\/posts"}],"about":[{"href":"https:\/\/www.sincomam.org.br\/index.php\/wp-json\/wp\/v2\/types\/post"}],"author":[{"embeddable":true,"href":"https:\/\/www.sincomam.org.br\/index.php\/wp-json\/wp\/v2\/users\/1527"}],"replies":[{"embeddable":true,"href":"https:\/\/www.sincomam.org.br\/index.php\/wp-json\/wp\/v2\/comments?post=41085"}],"version-history":[{"count":1,"href":"https:\/\/www.sincomam.org.br\/index.php\/wp-json\/wp\/v2\/posts\/41085\/revisions"}],"predecessor-version":[{"id":41087,"href":"https:\/\/www.sincomam.org.br\/index.php\/wp-json\/wp\/v2\/posts\/41085\/revisions\/41087"}],"wp:featuredmedia":[{"embeddable":true,"href":"https:\/\/www.sincomam.org.br\/index.php\/wp-json\/wp\/v2\/media\/41086"}],"wp:attachment":[{"href":"https:\/\/www.sincomam.org.br\/index.php\/wp-json\/wp\/v2\/media?parent=41085"}],"wp:term":[{"taxonomy":"category","embeddable":true,"href":"https:\/\/www.sincomam.org.br\/index.php\/wp-json\/wp\/v2\/categories?post=41085"},{"taxonomy":"post_tag","embeddable":true,"href":"https:\/\/www.sincomam.org.br\/index.php\/wp-json\/wp\/v2\/tags?post=41085"}],"curies":[{"name":"wp","href":"https:\/\/api.w.org\/{rel}","templated":true}]}}