{"id":41070,"date":"2022-08-26T10:07:35","date_gmt":"2022-08-26T13:07:35","guid":{"rendered":"http:\/\/www.sincomam.org.br\/?p=41070"},"modified":"2022-08-26T10:09:06","modified_gmt":"2022-08-26T13:09:06","slug":"um-dia-de-fuzileiro-naval-e-marinheiro-faz-a-alegria-de-criancas-e-promove-a-inclusao","status":"publish","type":"post","link":"https:\/\/www.sincomam.org.br\/index.php\/um-dia-de-fuzileiro-naval-e-marinheiro-faz-a-alegria-de-criancas-e-promove-a-inclusao\/","title":{"rendered":"\u201cUm Dia de Fuzileiro Naval e Marinheiro\u201d faz a alegria de crian\u00e7as e promove a inclus\u00e3o"},"content":{"rendered":"<p>A manh\u00e3 desse s\u00e1bado, 20 de agosto, foi de muita alegria e descontra\u00e7\u00e3o no Centro de Educa\u00e7\u00e3o F\u00edsica Almirante Adalberto Nunes (CEFAN), que realizou o evento \u201cUm Dia de Fuzileiro Naval e Marinheiro\u201d. Voltado para pessoas com defici\u00eancia e promovido pela Marinha do Brasil (MB), em parceria com os grupos Special Sports Kids, Abrigo do Marinheiro e Sesc Rio, o evento repetiu o sucesso das edi\u00e7\u00f5es anteriores e promoveu a inclus\u00e3o de pessoas com defici\u00eancia, que experimentaram de forma l\u00fadica, divertida e supervisionada, um pouco da rotina de um militar da MB.<\/p>\n<p>\u201c\u00c9 uma grande honra para a Marinha receber todo esse p\u00fablico na nossa organiza\u00e7\u00e3o militar. O evento promove a inclus\u00e3o de crian\u00e7as com atividades l\u00fadicas, num clima de descontra\u00e7\u00e3o e acolhimento. Elas fazem camuflagem, que \u00e9 a pintura do rosto, interagem com os instrumentos musicais da Banda dos Fuzileiros Navais, passeiam nas viaturas, praticam esportes, enfim, vivem um dia como militar da Marinha. Al\u00e9m disso, temos a oportunidade de mostrar um pouco do nosso trabalho e de aprender muito com elas\u201d, afirmou o Presidente da Comiss\u00e3o de Desportos da Marinha e Comandante do CEFAN, Contra-Almirante (FN) Reinaldo Reis de Medeiros.<\/p>\n<p>O \u201cUm Dia de Fuzileiro e Marinheiro\u201d teve in\u00edcio em 2017, em uma parceria entre grupos formados por pais de pessoas com autismo e o Corpo de Fuzileiros Navais (CFN). O primeiro evento foi um sucesso e acabou se estendendo nos anos seguintes por todo o Brasil a pessoas com defici\u00eancia. \u201cFoi uma manh\u00e3 muito especial para a Isabela. Gostamos muito das apresenta\u00e7\u00f5es, da Banda, dos c\u00e3es e da intera\u00e7\u00e3o com as outras crian\u00e7as, que \u00e9 muito importante para o desenvolvimento delas. \u00c9 a primeira vez que participo e pretendo voltar nas pr\u00f3ximas, com certeza\u201d, garantiu a aposentada T\u00e2nia Mara Vasconcellos.<\/p>\n<p>A pr\u00f3xima edi\u00e7\u00e3o do \u201cUm Dia de Fuzileiro Naval e Marinheiro\u201d est\u00e1 prevista para ser realizada no Centro de Instru\u00e7\u00e3o Almirante Milc\u00edades Portela Alves, em Campo Grande (RJ).<\/p>\n<p>Fonte: Defesa em Foco<\/p>\n","protected":false},"excerpt":{"rendered":"<p>A manh\u00e3 desse s\u00e1bado, 20 de agosto, foi de muita alegria e descontra\u00e7\u00e3o no Centro de Educa\u00e7\u00e3o F\u00edsica Almirante Adalberto Nunes (CEFAN), que realizou o&#8230;<\/p>\n","protected":false},"author":1527,"featured_media":41071,"comment_status":"closed","ping_status":"closed","sticky":false,"template":"","format":"standard","meta":{"footnotes":""},"categories":[6],"tags":[],"class_list":["post-41070","post","type-post","status-publish","format-standard","has-post-thumbnail","hentry","category-noticias"],"_links":{"self":[{"href":"https:\/\/www.sincomam.org.br\/index.php\/wp-json\/wp\/v2\/posts\/41070","targetHints":{"allow":["GET"]}}],"collection":[{"href":"https:\/\/www.sincomam.org.br\/index.php\/wp-json\/wp\/v2\/posts"}],"about":[{"href":"https:\/\/www.sincomam.org.br\/index.php\/wp-json\/wp\/v2\/types\/post"}],"author":[{"embeddable":true,"href":"https:\/\/www.sincomam.org.br\/index.php\/wp-json\/wp\/v2\/users\/1527"}],"replies":[{"embeddable":true,"href":"https:\/\/www.sincomam.org.br\/index.php\/wp-json\/wp\/v2\/comments?post=41070"}],"version-history":[{"count":1,"href":"https:\/\/www.sincomam.org.br\/index.php\/wp-json\/wp\/v2\/posts\/41070\/revisions"}],"predecessor-version":[{"id":41072,"href":"https:\/\/www.sincomam.org.br\/index.php\/wp-json\/wp\/v2\/posts\/41070\/revisions\/41072"}],"wp:featuredmedia":[{"embeddable":true,"href":"https:\/\/www.sincomam.org.br\/index.php\/wp-json\/wp\/v2\/media\/41071"}],"wp:attachment":[{"href":"https:\/\/www.sincomam.org.br\/index.php\/wp-json\/wp\/v2\/media?parent=41070"}],"wp:term":[{"taxonomy":"category","embeddable":true,"href":"https:\/\/www.sincomam.org.br\/index.php\/wp-json\/wp\/v2\/categories?post=41070"},{"taxonomy":"post_tag","embeddable":true,"href":"https:\/\/www.sincomam.org.br\/index.php\/wp-json\/wp\/v2\/tags?post=41070"}],"curies":[{"name":"wp","href":"https:\/\/api.w.org\/{rel}","templated":true}]}}