{"id":41048,"date":"2022-08-25T04:02:48","date_gmt":"2022-08-25T07:02:48","guid":{"rendered":"http:\/\/www.sincomam.org.br\/?p=41048"},"modified":"2022-08-25T04:02:48","modified_gmt":"2022-08-25T07:02:48","slug":"marinha-participa-de-exposicao-durante-as-comemoracoes-do-10o-aniversario-de-grupo-escoteiro-do-mar","status":"publish","type":"post","link":"https:\/\/www.sincomam.org.br\/index.php\/marinha-participa-de-exposicao-durante-as-comemoracoes-do-10o-aniversario-de-grupo-escoteiro-do-mar\/","title":{"rendered":"Marinha participa de exposi\u00e7\u00e3o durante as comemora\u00e7\u00f5es do 10\u00ba anivers\u00e1rio de Grupo Escoteiro do Mar"},"content":{"rendered":"<p>A Marinha participou das comemora\u00e7\u00f5es do 10\u00ba anivers\u00e1rio do 102\u00ba Grupo Escoteiro do Mar \u201cVelho Lobo\u201d, no dia 20 de agosto, em Campinas (SP). Cerca de 400 pessoas estiveram presentes no evento e conheceram mais sobre as atividades desenvolvidas pela Marinha ao visitarem a exposi\u00e7\u00e3o organizada pelo Comando do 8\u00ba Distrito Naval (Com8\u00baDN).<\/p>\n<p>O estande contou com oficina de n\u00f3s marinheiros, exibi\u00e7\u00e3o de v\u00eddeos e exposi\u00e7\u00e3o de equipamentos de CAV. O p\u00fablico tamb\u00e9m conheceu as diversas formas de ingresso na Marinha e visitou a ag\u00eancia m\u00f3vel sobre rodas da Capitania Fluvial do Tiet\u00ea-Paran\u00e1, que realiza atendimentos itinerantes como emiss\u00e3o de documenta\u00e7\u00e3o de embarca\u00e7\u00f5es, carteiras de habilita\u00e7\u00e3o para amadores e qualifica\u00e7\u00e3o de aquavi\u00e1rios.<\/p>\n<p>A exposi\u00e7\u00e3o contou ainda com maquetes do submarino de propuls\u00e3o nuclear e do reator nuclear, ambos do Centro Tecnol\u00f3gico da Marinha em S\u00e3o Paulo, proporcionando ao p\u00fablico a oportunidade de conhecer o Programa Nuclear da Marinha.<\/p>\n<p>A Oficial da Marinha Helga Campos levou o filho de tr\u00eas anos ao evento, para ele se habituar com o trabalho que ela exerce. \u201cAproveitei que estava aqui e o trouxe para conhecer. \u00c9 uma forma de ele ver o trabalho dos pais e quem sabe seguir a mesma carreira. Ele adorou a maquete do submarino e n\u00e3o queria sair de perto\u201d, contou.<\/p>\n<p>Fonte: Defesa em Foco<\/p>\n","protected":false},"excerpt":{"rendered":"<p>A Marinha participou das comemora\u00e7\u00f5es do 10\u00ba anivers\u00e1rio do 102\u00ba Grupo Escoteiro do Mar \u201cVelho Lobo\u201d, no dia 20 de agosto, em Campinas (SP). Cerca&#8230;<\/p>\n","protected":false},"author":1527,"featured_media":41049,"comment_status":"closed","ping_status":"closed","sticky":false,"template":"","format":"standard","meta":{"footnotes":""},"categories":[6],"tags":[],"class_list":["post-41048","post","type-post","status-publish","format-standard","has-post-thumbnail","hentry","category-noticias"],"_links":{"self":[{"href":"https:\/\/www.sincomam.org.br\/index.php\/wp-json\/wp\/v2\/posts\/41048","targetHints":{"allow":["GET"]}}],"collection":[{"href":"https:\/\/www.sincomam.org.br\/index.php\/wp-json\/wp\/v2\/posts"}],"about":[{"href":"https:\/\/www.sincomam.org.br\/index.php\/wp-json\/wp\/v2\/types\/post"}],"author":[{"embeddable":true,"href":"https:\/\/www.sincomam.org.br\/index.php\/wp-json\/wp\/v2\/users\/1527"}],"replies":[{"embeddable":true,"href":"https:\/\/www.sincomam.org.br\/index.php\/wp-json\/wp\/v2\/comments?post=41048"}],"version-history":[{"count":1,"href":"https:\/\/www.sincomam.org.br\/index.php\/wp-json\/wp\/v2\/posts\/41048\/revisions"}],"predecessor-version":[{"id":41050,"href":"https:\/\/www.sincomam.org.br\/index.php\/wp-json\/wp\/v2\/posts\/41048\/revisions\/41050"}],"wp:featuredmedia":[{"embeddable":true,"href":"https:\/\/www.sincomam.org.br\/index.php\/wp-json\/wp\/v2\/media\/41049"}],"wp:attachment":[{"href":"https:\/\/www.sincomam.org.br\/index.php\/wp-json\/wp\/v2\/media?parent=41048"}],"wp:term":[{"taxonomy":"category","embeddable":true,"href":"https:\/\/www.sincomam.org.br\/index.php\/wp-json\/wp\/v2\/categories?post=41048"},{"taxonomy":"post_tag","embeddable":true,"href":"https:\/\/www.sincomam.org.br\/index.php\/wp-json\/wp\/v2\/tags?post=41048"}],"curies":[{"name":"wp","href":"https:\/\/api.w.org\/{rel}","templated":true}]}}