{"id":4104,"date":"2014-03-12T08:11:41","date_gmt":"2014-03-12T11:11:41","guid":{"rendered":"http:\/\/www.sincomam.org.br\/?p=4104"},"modified":"2014-03-11T17:27:29","modified_gmt":"2014-03-11T20:27:29","slug":"porto-seco-entra-na-mira-da-wilson-sons","status":"publish","type":"post","link":"https:\/\/www.sincomam.org.br\/index.php\/porto-seco-entra-na-mira-da-wilson-sons\/","title":{"rendered":"Porto seco entra na mira da Wilson Sons"},"content":{"rendered":"<p><em><b>Planejamento \u00e9 que as opera\u00e7\u00f5es comecem em maio ou junho deste ano<\/b><\/em><\/p>\n<p>A Wilson Sons Log\u00edstica tem planos de crescer na \u00e1rea de portos secos, armaz\u00e9ns alfandegados para atender empresas do com\u00e9rcio exterior. A companhia, controlada pelo grupo Wilson Sons, ganhou licita\u00e7\u00e3o para instalar uma EADI (Esta\u00e7\u00e3o Aduaneira de Interior) na regi\u00e3o do Complexo Industrial Portu\u00e1rio de Suape, em Pernambuco.<\/p>\n<p>A empresa prev\u00ea colocar a EADI de Suape em opera\u00e7\u00e3o em meados do ano. O objetivo desse novo porto seco ser\u00e1 oferecer uma solu\u00e7\u00e3o log\u00edstica completa para toda a cadeia do com\u00e9rcio exterior. A empresa j\u00e1 tinha no local um centro log\u00edstico para distribui\u00e7\u00e3o de produtos no Nordeste. O terminal foi arrendado pela Wilson Sons por 25 anos de uma terceira empresa que investiu nas obras civis. No ano passado, a Wilson Sons decidiu utilizar esse centro log\u00edstico para disputar a licita\u00e7\u00e3o aberta pela Secretaria da Receita Federal para implantar uma EADI na regi\u00e3o de Suape. Ao ganhar a concorr\u00eancia, a empresa passou a fazer adequa\u00e7\u00f5es em parte do terminal para permitir o alfandegamento das instala\u00e7\u00f5es pela Receita Federal.<\/p>\n<p>A EADI vai operar integrada ao centro log\u00edstico, que ser\u00e1 usado na distribui\u00e7\u00e3o de produtos no mercado dom\u00e9stico. O porto seco vai atender n\u00e3o s\u00f3 a corrente de com\u00e9rcio exterior, mas tamb\u00e9m toda a cadeia de suprimentos na regi\u00e3o de Suape, incluindo os setores farmac\u00eautico, automotivo, de bebidas e qu\u00edmico. A capacidade de movimenta\u00e7\u00e3o ser\u00e1 de 29 mil Teus por ano. O plano \u00e9 come\u00e7ar as opera\u00e7\u00f5es em maio ou junho deste ano. O investimento \u00e9 de R$ 11 milh\u00f5es.<\/p>\n<p>Fonte: Guia Mar\u00edtimo<\/p>\n","protected":false},"excerpt":{"rendered":"<p>Planejamento \u00e9 que as opera\u00e7\u00f5es comecem em maio ou junho deste ano A Wilson Sons Log\u00edstica tem planos de crescer na \u00e1rea de portos secos,&#8230;<\/p>\n","protected":false},"author":1182,"featured_media":4105,"comment_status":"closed","ping_status":"closed","sticky":false,"template":"","format":"standard","meta":{"footnotes":""},"categories":[6],"tags":[126,701,478],"class_list":["post-4104","post","type-post","status-publish","format-standard","has-post-thumbnail","hentry","category-noticias","tag-obras","tag-porto-seco","tag-wilson-sons"],"_links":{"self":[{"href":"https:\/\/www.sincomam.org.br\/index.php\/wp-json\/wp\/v2\/posts\/4104","targetHints":{"allow":["GET"]}}],"collection":[{"href":"https:\/\/www.sincomam.org.br\/index.php\/wp-json\/wp\/v2\/posts"}],"about":[{"href":"https:\/\/www.sincomam.org.br\/index.php\/wp-json\/wp\/v2\/types\/post"}],"author":[{"embeddable":true,"href":"https:\/\/www.sincomam.org.br\/index.php\/wp-json\/wp\/v2\/users\/1182"}],"replies":[{"embeddable":true,"href":"https:\/\/www.sincomam.org.br\/index.php\/wp-json\/wp\/v2\/comments?post=4104"}],"version-history":[{"count":1,"href":"https:\/\/www.sincomam.org.br\/index.php\/wp-json\/wp\/v2\/posts\/4104\/revisions"}],"predecessor-version":[{"id":4106,"href":"https:\/\/www.sincomam.org.br\/index.php\/wp-json\/wp\/v2\/posts\/4104\/revisions\/4106"}],"wp:featuredmedia":[{"embeddable":true,"href":"https:\/\/www.sincomam.org.br\/index.php\/wp-json\/wp\/v2\/media\/4105"}],"wp:attachment":[{"href":"https:\/\/www.sincomam.org.br\/index.php\/wp-json\/wp\/v2\/media?parent=4104"}],"wp:term":[{"taxonomy":"category","embeddable":true,"href":"https:\/\/www.sincomam.org.br\/index.php\/wp-json\/wp\/v2\/categories?post=4104"},{"taxonomy":"post_tag","embeddable":true,"href":"https:\/\/www.sincomam.org.br\/index.php\/wp-json\/wp\/v2\/tags?post=4104"}],"curies":[{"name":"wp","href":"https:\/\/api.w.org\/{rel}","templated":true}]}}