{"id":41038,"date":"2022-08-25T03:56:56","date_gmt":"2022-08-25T06:56:56","guid":{"rendered":"http:\/\/www.sincomam.org.br\/?p=41038"},"modified":"2022-08-25T03:56:56","modified_gmt":"2022-08-25T06:56:56","slug":"recife-tera-museu-dedicado-ao-porto-municipal","status":"publish","type":"post","link":"https:\/\/www.sincomam.org.br\/index.php\/recife-tera-museu-dedicado-ao-porto-municipal\/","title":{"rendered":"Recife ter\u00e1 museu dedicado ao porto municipal"},"content":{"rendered":"<p>A cidade de Recife ter\u00e1 um museu dedicado ao porto municipal. Nesta quarta-feira (24) foi assinada, no Pal\u00e1cio do Campo das Princesas, sede do governo de Pernambuco, ordem de servi\u00e7o que autoriza a constru\u00e7\u00e3o do \u201cMuseu do Porto do Recife\u201d, espa\u00e7o que contar\u00e1 a hist\u00f3ria do porto e sua import\u00e2ncia para o desenvolvimento da capital pernambucana.<\/p>\n<p>O museu reunir\u00e1 um acervo de pe\u00e7as hist\u00f3ricas do trabalho portu\u00e1rio. Ser\u00e3o cerca de 100 pe\u00e7as dispostas em um im\u00f3vel de 100 metros quadrados adjacente \u00e0 administra\u00e7\u00e3o do porto. O espa\u00e7o foi escolhido em virtude da mobilidade e acesso independente, facilitando a visita\u00e7\u00e3o. A previs\u00e3o \u00e9 que em novembro o museu j\u00e1 esteja aberto ao p\u00fablico.<\/p>\n<p>No total, com a requalifica\u00e7\u00e3o do espa\u00e7o, ser\u00e1 feito um investimento de R$ 171 mil.<\/p>\n<p>O porto organizado de Recife tem 104 anos de hist\u00f3ria, mas o ancoradouro existia antes mesmo de a vila de pescadores virar a metr\u00f3pole. \u00c9 essa mem\u00f3ria que o Museu do Porto do Recife ir\u00e1 resgatar.<\/p>\n<div>Fonte: Portos e Navios<\/div>\n<div><\/div>\n","protected":false},"excerpt":{"rendered":"<p>A cidade de Recife ter\u00e1 um museu dedicado ao porto municipal. Nesta quarta-feira (24) foi assinada, no Pal\u00e1cio do Campo das Princesas, sede do governo&#8230;<\/p>\n","protected":false},"author":1527,"featured_media":41039,"comment_status":"closed","ping_status":"closed","sticky":false,"template":"","format":"standard","meta":{"footnotes":""},"categories":[6],"tags":[],"class_list":["post-41038","post","type-post","status-publish","format-standard","has-post-thumbnail","hentry","category-noticias"],"_links":{"self":[{"href":"https:\/\/www.sincomam.org.br\/index.php\/wp-json\/wp\/v2\/posts\/41038","targetHints":{"allow":["GET"]}}],"collection":[{"href":"https:\/\/www.sincomam.org.br\/index.php\/wp-json\/wp\/v2\/posts"}],"about":[{"href":"https:\/\/www.sincomam.org.br\/index.php\/wp-json\/wp\/v2\/types\/post"}],"author":[{"embeddable":true,"href":"https:\/\/www.sincomam.org.br\/index.php\/wp-json\/wp\/v2\/users\/1527"}],"replies":[{"embeddable":true,"href":"https:\/\/www.sincomam.org.br\/index.php\/wp-json\/wp\/v2\/comments?post=41038"}],"version-history":[{"count":1,"href":"https:\/\/www.sincomam.org.br\/index.php\/wp-json\/wp\/v2\/posts\/41038\/revisions"}],"predecessor-version":[{"id":41040,"href":"https:\/\/www.sincomam.org.br\/index.php\/wp-json\/wp\/v2\/posts\/41038\/revisions\/41040"}],"wp:featuredmedia":[{"embeddable":true,"href":"https:\/\/www.sincomam.org.br\/index.php\/wp-json\/wp\/v2\/media\/41039"}],"wp:attachment":[{"href":"https:\/\/www.sincomam.org.br\/index.php\/wp-json\/wp\/v2\/media?parent=41038"}],"wp:term":[{"taxonomy":"category","embeddable":true,"href":"https:\/\/www.sincomam.org.br\/index.php\/wp-json\/wp\/v2\/categories?post=41038"},{"taxonomy":"post_tag","embeddable":true,"href":"https:\/\/www.sincomam.org.br\/index.php\/wp-json\/wp\/v2\/tags?post=41038"}],"curies":[{"name":"wp","href":"https:\/\/api.w.org\/{rel}","templated":true}]}}