{"id":41028,"date":"2022-08-24T10:03:40","date_gmt":"2022-08-24T13:03:40","guid":{"rendered":"http:\/\/www.sincomam.org.br\/?p=41028"},"modified":"2022-08-24T10:03:40","modified_gmt":"2022-08-24T13:03:40","slug":"comandante-da-marinha-enaltece-atuacao-da-amazul","status":"publish","type":"post","link":"https:\/\/www.sincomam.org.br\/index.php\/comandante-da-marinha-enaltece-atuacao-da-amazul\/","title":{"rendered":"Comandante da Marinha enaltece atua\u00e7\u00e3o da Amazul"},"content":{"rendered":"<p>A nova Diretoria Executiva da Amazul foi apresentada nesta ter\u00e7a-feira (23\/8), em solenidade presidida pelo comandante da Marinha, almirante de esquadra Almir Garnier Santos, que em seu discurso destacou a relev\u00e2ncia da empresa para a Marinha e o Pa\u00eds, por aproveitar \u201cas oportunidades que a Na\u00e7\u00e3o tem de utilizar a energia nuclear para fins pac\u00edficos\u201d e atuar em diferentes empreendimentos nucleares.<\/p>\n<p>Ao falar em nome da Diretoria Executiva, o diretor-presidente Newton de Almeida Costa Neto destacou que uma das prioridades de sua gest\u00e3o \u00e9 a valoriza\u00e7\u00e3o dos empregados, por meio da oferta de oportunidades para seu crescimento pessoal e profissional e da melhoria cont\u00ednua das condi\u00e7\u00f5es de trabalho e da qualidade de vida. \u201cAo mesmo tempo, estamos empenhados em fortalecer cada vez mais a gest\u00e3o e a governan\u00e7a, adotando as melhores pr\u00e1ticas do mercado e aperfei\u00e7oando os controles, o monitoramento de riscos, as normas de conformidade e o programa de integridade\u201d, acrescentou.<\/p>\n<p>Estiveram presentes \u00e0 solenidade o ministro da Ci\u00eancia, Tecnologia e Inova\u00e7\u00f5es, Paulo Alvim, o ex-ministro de Minas e Energia Bento Albuquerque, almirantes, ex-dirigentes da Amazul, integrantes do Conselho de Administra\u00e7\u00e3o, presidentes da Nuclebras Equipamentos Pesados (Nuclep), da Eletronuclear e da Ind\u00fastrias Nucleares do Brasil (INB), representantes do Instituto de Pesquisas Energ\u00e9ticas e Nucleares (Ipen) e da Comiss\u00e3o Nacional de Energia Nuclear (Cnen), empres\u00e1rios, representantes da comunidade acad\u00eamica e autoridades dos tr\u00eas poderes das esferas federal, estadual e municipal.<\/p>\n<p>O ministro e membro do Conselho de Administra\u00e7\u00e3o da Amazul Paulo Alvim afirmou que \u201co setor de tecnologia nuclear nunca foi t\u00e3o estrat\u00e9gico para o Pa\u00eds, n\u00e3o s\u00f3 para a gera\u00e7\u00e3o de energia limpa, como tamb\u00e9m para outros empreendimentos para garantir a qualidade de vida dos brasileiros\u201d. Ao citar a Amazul, ressaltou: \u201cTive a oportunidade de perceber que este grupo de brasileiras e brasileiros faz o melhor da aplica\u00e7\u00e3o da tecnologia nuclear no Brasil\u201d.<\/p>\n<p>Em seu discurso, o ex-diretor-presidente Ant\u00f4nio Carlos Soares Guerreiro agradeceu o apoio que recebeu na empresa: \u201cSe tive algum sucesso no cargo que ocupei, isso se deve \u00e0 qualidade de todos os mais de 1600 empregados que aqui trabalham. Aprendi muito mais com todas as senhoras e senhores do que pude ensinar. E aqui deixo in\u00fameros amigos que admiro pelo profissionalismo, lealdade e amor por essas paredes enferrujadas. N\u00e3o poderia nominar todos aqueles que de alguma forma me ajudaram, direta ou indiretamente, mas tenham a certeza de que os tenho na maior estima e considera\u00e7\u00e3o\u201d.<\/p>\n<p>O diretor-presidente da Amazul, Newton de Almeida, apresentou aos convidados os integrantes da Diretoria Executiva: Carlos Alberto Matias, diretor t\u00e9cnico; Valter Citavicius Filho, diretor de Gest\u00e3o do Conhecimento e Pessoas; e o contra-almirante S\u00e9rgio Ricardo Machado, diretor de Administra\u00e7\u00e3o e Finan\u00e7as.<\/p>\n<p>Newton de Almeida homenageou Ney Zanella dos Santos, primeiro diretor-presidente da Amazul, \u201cque teve em suas m\u00e3os o desafio de implementar a estrutura administrativa e operacional na cria\u00e7\u00e3o da empresa\u201d. Sobre Ant\u00f4nio Carlos Soares Guerreiro, ressaltou: \u201cSou testemunha do seu trabalho e posso atestar que em seu mandato consolidou os alicerces da gest\u00e3o e da governan\u00e7a que sustentam a Amazul, conduzindo a empresa a um alto n\u00edvel de maturidade e compet\u00eancia t\u00e9cnica, que hoje \u00e9 reconhecido pelos \u00f3rg\u00e3os controladores e pelos nossos pares no mercado, principalmente no setor nuclear. H\u00e1 que se destacar a capacidade de lideran\u00e7a e o clima de camaradagem criado na Amazul, fato facilmente observado junto aos empregados por diversas demonstra\u00e7\u00f5es de respeito, apre\u00e7o e amizade\u201d.<\/p>\n<p>O diretor-presidente da Amazul demonstrou que a Amazul, que completou nove anos agora em agosto, est\u00e1 assumindo cada vez mais responsabilidades no Programa Nuclear da Marinha (PNM) e no Programa de Desenvolvimento de Submarinos (Prosub) e aumentando sua participa\u00e7\u00e3o no Programa Nuclear Brasileiro. Entre outros programas e projetos em que atua, citou o Reator Mutiprop\u00f3sito Brasileiro, cujo projeto detalhado foi conclu\u00eddo em 2021; a moderniza\u00e7\u00e3o do Centro de Radiofarm\u00e1cia do Ipen; a extens\u00e3o da vida \u00fatil de Angra I, em parceria com a Eletronuclear; e a amplia\u00e7\u00e3o da Usina Comercial de Enriquecimento de Ur\u00e2nio (Uceu), junto com a INB. Citou ainda as tratativas com o Minist\u00e9rio da Agricultura e com o Ipen para a cria\u00e7\u00e3o de centros de irradia\u00e7\u00e3o de alimentos e com o Instituto do Cora\u00e7\u00e3o (Incor) para o desenvolvimento de um motor para o Dispositivo de Assist\u00eancia Ventricular (DAV), que ajuda a bombear o sangue para o cora\u00e7\u00e3o de pacientes com insufici\u00eancia card\u00edaca.<\/p>\n<div class=\"td-g-rec td-g-rec-id-content_bottom td_uid_4_63062083bcd68_rand td_block_template_11\">Fonte: Defesa em Foco<\/div>\n","protected":false},"excerpt":{"rendered":"<p>A nova Diretoria Executiva da Amazul foi apresentada nesta ter\u00e7a-feira (23\/8), em solenidade presidida pelo comandante da Marinha, almirante de esquadra Almir Garnier Santos, que&#8230;<\/p>\n","protected":false},"author":1527,"featured_media":41029,"comment_status":"closed","ping_status":"closed","sticky":false,"template":"","format":"standard","meta":{"footnotes":""},"categories":[6],"tags":[],"class_list":["post-41028","post","type-post","status-publish","format-standard","has-post-thumbnail","hentry","category-noticias"],"_links":{"self":[{"href":"https:\/\/www.sincomam.org.br\/index.php\/wp-json\/wp\/v2\/posts\/41028","targetHints":{"allow":["GET"]}}],"collection":[{"href":"https:\/\/www.sincomam.org.br\/index.php\/wp-json\/wp\/v2\/posts"}],"about":[{"href":"https:\/\/www.sincomam.org.br\/index.php\/wp-json\/wp\/v2\/types\/post"}],"author":[{"embeddable":true,"href":"https:\/\/www.sincomam.org.br\/index.php\/wp-json\/wp\/v2\/users\/1527"}],"replies":[{"embeddable":true,"href":"https:\/\/www.sincomam.org.br\/index.php\/wp-json\/wp\/v2\/comments?post=41028"}],"version-history":[{"count":1,"href":"https:\/\/www.sincomam.org.br\/index.php\/wp-json\/wp\/v2\/posts\/41028\/revisions"}],"predecessor-version":[{"id":41030,"href":"https:\/\/www.sincomam.org.br\/index.php\/wp-json\/wp\/v2\/posts\/41028\/revisions\/41030"}],"wp:featuredmedia":[{"embeddable":true,"href":"https:\/\/www.sincomam.org.br\/index.php\/wp-json\/wp\/v2\/media\/41029"}],"wp:attachment":[{"href":"https:\/\/www.sincomam.org.br\/index.php\/wp-json\/wp\/v2\/media?parent=41028"}],"wp:term":[{"taxonomy":"category","embeddable":true,"href":"https:\/\/www.sincomam.org.br\/index.php\/wp-json\/wp\/v2\/categories?post=41028"},{"taxonomy":"post_tag","embeddable":true,"href":"https:\/\/www.sincomam.org.br\/index.php\/wp-json\/wp\/v2\/tags?post=41028"}],"curies":[{"name":"wp","href":"https:\/\/api.w.org\/{rel}","templated":true}]}}