{"id":40992,"date":"2022-08-23T02:43:51","date_gmt":"2022-08-23T05:43:51","guid":{"rendered":"http:\/\/www.sincomam.org.br\/?p=40992"},"modified":"2022-08-23T02:43:51","modified_gmt":"2022-08-23T05:43:51","slug":"tribunal-maritimo-tem-novo-presidente","status":"publish","type":"post","link":"https:\/\/www.sincomam.org.br\/index.php\/tribunal-maritimo-tem-novo-presidente\/","title":{"rendered":"Tribunal Mar\u00edtimo tem novo presidente"},"content":{"rendered":"<p>O Tribunal Mar\u00edtimo (TM) realizou, em 9 agosto, uma Sess\u00e3o Solene presidida pelo Comandante da Marinha, Almirante de Esquadra Almir Garnier Santos, em comemora\u00e7\u00e3o aos 88 anos da institui\u00e7\u00e3o, completados no dia 5 de julho, com a Transmiss\u00e3o do Cargo de Presidente do Vice-Almirante Wilson Pereira de Lima Filho para o Vice-Almirante Ralph Dias da Silveira Costa.<\/p>\n<p>Ap\u00f3s ser empossado no cargo de Presidente do Tribunal Mar\u00edtimo, o Vice-Almirante Ralph Dias destacou a import\u00e2ncia de se manter o elevado esp\u00edrito de coopera\u00e7\u00e3o entre os integrantes do Tribunal Mar\u00edtimo, bem como seus agradecimentos \u00e0s autoridades presentes na solenidade e a sua tripula\u00e7\u00e3o.<\/p>\n<p>Durante a Sess\u00e3o, o Juiz Fernando Alves Ladeiras, representando os Ju\u00edzes do TM, a Capit\u00e3o-Tenente (T) Diana Soares Corteze Caldeira, representando a Procuradoria Especial da Marinha e o Dr. S\u00e9rgio Ferrari, representando os advogados que labutam na \u201cCorte Mar\u00edtima\u201d, enalteceram os 88 anos de atividades do TM em prol da Justi\u00e7a e Seguran\u00e7a da Navega\u00e7\u00e3o.<\/p>\n<p>A solenidade contou com a presen\u00e7a de autoridades, destacando-se a presen\u00e7a dos ex-Ministros da Marinha, Almirantes de Esquadra Alfredo Karam e Mauro Cesar Rodrigues Pereira; do ex-Comandante da Marinha, Almirante de Esquadra Ilques Barbosa Junior; do Ministro do Superior Tribunal Militar, Almirante de Esquadra Celso Luiz Nazareth; de Ex-Membros do Almirantado; dos Ex-Presidentes do Tribunal Mar\u00edtimo, Vice-Almirantes M\u00e1rio Augusto de Camargo Oz\u00f3rio e Luiz Augusto Correia e do Diretor da Procuradoria Especial da Marinha, Vice-Almirante Luiz Oct\u00e1vio Barros Coutinho.<\/p>\n<p>Fonte: Defesa em Foco<\/p>\n","protected":false},"excerpt":{"rendered":"<p>O Tribunal Mar\u00edtimo (TM) realizou, em 9 agosto, uma Sess\u00e3o Solene presidida pelo Comandante da Marinha, Almirante de Esquadra Almir Garnier Santos, em comemora\u00e7\u00e3o aos&#8230;<\/p>\n","protected":false},"author":1527,"featured_media":40993,"comment_status":"closed","ping_status":"closed","sticky":false,"template":"","format":"standard","meta":{"footnotes":""},"categories":[6],"tags":[],"class_list":["post-40992","post","type-post","status-publish","format-standard","has-post-thumbnail","hentry","category-noticias"],"_links":{"self":[{"href":"https:\/\/www.sincomam.org.br\/index.php\/wp-json\/wp\/v2\/posts\/40992","targetHints":{"allow":["GET"]}}],"collection":[{"href":"https:\/\/www.sincomam.org.br\/index.php\/wp-json\/wp\/v2\/posts"}],"about":[{"href":"https:\/\/www.sincomam.org.br\/index.php\/wp-json\/wp\/v2\/types\/post"}],"author":[{"embeddable":true,"href":"https:\/\/www.sincomam.org.br\/index.php\/wp-json\/wp\/v2\/users\/1527"}],"replies":[{"embeddable":true,"href":"https:\/\/www.sincomam.org.br\/index.php\/wp-json\/wp\/v2\/comments?post=40992"}],"version-history":[{"count":1,"href":"https:\/\/www.sincomam.org.br\/index.php\/wp-json\/wp\/v2\/posts\/40992\/revisions"}],"predecessor-version":[{"id":40994,"href":"https:\/\/www.sincomam.org.br\/index.php\/wp-json\/wp\/v2\/posts\/40992\/revisions\/40994"}],"wp:featuredmedia":[{"embeddable":true,"href":"https:\/\/www.sincomam.org.br\/index.php\/wp-json\/wp\/v2\/media\/40993"}],"wp:attachment":[{"href":"https:\/\/www.sincomam.org.br\/index.php\/wp-json\/wp\/v2\/media?parent=40992"}],"wp:term":[{"taxonomy":"category","embeddable":true,"href":"https:\/\/www.sincomam.org.br\/index.php\/wp-json\/wp\/v2\/categories?post=40992"},{"taxonomy":"post_tag","embeddable":true,"href":"https:\/\/www.sincomam.org.br\/index.php\/wp-json\/wp\/v2\/tags?post=40992"}],"curies":[{"name":"wp","href":"https:\/\/api.w.org\/{rel}","templated":true}]}}