{"id":40989,"date":"2022-08-23T02:42:39","date_gmt":"2022-08-23T05:42:39","guid":{"rendered":"http:\/\/www.sincomam.org.br\/?p=40989"},"modified":"2022-08-23T02:42:39","modified_gmt":"2022-08-23T05:42:39","slug":"diretor-geral-da-aneel-suspende-revogacao-de-outorgas-de-termicas-da-karpowership","status":"publish","type":"post","link":"https:\/\/www.sincomam.org.br\/index.php\/diretor-geral-da-aneel-suspende-revogacao-de-outorgas-de-termicas-da-karpowership\/","title":{"rendered":"Diretor-geral da Aneel suspende revoga\u00e7\u00e3o de outorgas de t\u00e9rmicas da Karpowership"},"content":{"rendered":"<p>O novo diretor-geral da Ag\u00eancia Nacional de Energia El\u00e9trica (Aneel), Sandoval Feitosa, suspendeu em car\u00e1ter cautelar a revoga\u00e7\u00e3o das outorgas de quatro t\u00e9rmicas flutuantes da empresa turca de energia Karpowership.<\/p>\n<p>Em despacho publicado na edi\u00e7\u00e3o de hoje do Di\u00e1rio Oficial da Uni\u00e3o (DFOU), Feitosa acatou pedido da companhia e suspendeu os efeitos das resolu\u00e7\u00f5es que revogaram as outorgas das usinas Karkey 13, Karkey 19, Porsud I e Porsud II at\u00e9 o julgamento definitivo do pedido de reconsidera\u00e7\u00e3o impetrado pela empresa.<\/p>\n<p>A 2\u00aa Vara de Fazenda P\u00fablica do Rio de Janeiro barrou o projeto por falta de Estudo de Impacto Ambiental (EIA) e Relat\u00f3rio de Impacto Ambiental (Rima) para o empreendimento.<\/p>\n<p>As usinas somam 560 megawatts (MW) de capacidade instalada e venceram leil\u00e3o emergencial realizado em outubro para suprimento de energia, uma das medidas contra a crise h\u00eddrica ocorrida no ano passado.<\/p>\n<p>Em entrevista ao Valor, hoje, a empresa afirmou que realizou mais de 50 estudos ambientais e obteve do \u00f3rg\u00e3o estadual de meio ambiente a licen\u00e7a de opera\u00e7\u00e3o.<\/p>\n<p>Sandoval Feitosa assumiu a Aneel na semana passada, substituindo Andr\u00e9 Pepitone, que havia deixado o cargo em maio. Camila Bomfim ocupou a diretoria-geral da ag\u00eancia de forma interina at\u00e9 a posse de Feitosa.<br \/>\nA decis\u00e3o que revogou as outorgas foi tomada de forma colegiada pela diretoria da Aneel, ainda sob a lideran\u00e7a de Camila.<\/p>\n<p>Fonte: Valor<\/p>\n","protected":false},"excerpt":{"rendered":"<p>O novo diretor-geral da Ag\u00eancia Nacional de Energia El\u00e9trica (Aneel), Sandoval Feitosa, suspendeu em car\u00e1ter cautelar a revoga\u00e7\u00e3o das outorgas de quatro t\u00e9rmicas flutuantes da&#8230;<\/p>\n","protected":false},"author":1527,"featured_media":40990,"comment_status":"closed","ping_status":"closed","sticky":false,"template":"","format":"standard","meta":{"footnotes":""},"categories":[6],"tags":[],"class_list":["post-40989","post","type-post","status-publish","format-standard","has-post-thumbnail","hentry","category-noticias"],"_links":{"self":[{"href":"https:\/\/www.sincomam.org.br\/index.php\/wp-json\/wp\/v2\/posts\/40989","targetHints":{"allow":["GET"]}}],"collection":[{"href":"https:\/\/www.sincomam.org.br\/index.php\/wp-json\/wp\/v2\/posts"}],"about":[{"href":"https:\/\/www.sincomam.org.br\/index.php\/wp-json\/wp\/v2\/types\/post"}],"author":[{"embeddable":true,"href":"https:\/\/www.sincomam.org.br\/index.php\/wp-json\/wp\/v2\/users\/1527"}],"replies":[{"embeddable":true,"href":"https:\/\/www.sincomam.org.br\/index.php\/wp-json\/wp\/v2\/comments?post=40989"}],"version-history":[{"count":1,"href":"https:\/\/www.sincomam.org.br\/index.php\/wp-json\/wp\/v2\/posts\/40989\/revisions"}],"predecessor-version":[{"id":40991,"href":"https:\/\/www.sincomam.org.br\/index.php\/wp-json\/wp\/v2\/posts\/40989\/revisions\/40991"}],"wp:featuredmedia":[{"embeddable":true,"href":"https:\/\/www.sincomam.org.br\/index.php\/wp-json\/wp\/v2\/media\/40990"}],"wp:attachment":[{"href":"https:\/\/www.sincomam.org.br\/index.php\/wp-json\/wp\/v2\/media?parent=40989"}],"wp:term":[{"taxonomy":"category","embeddable":true,"href":"https:\/\/www.sincomam.org.br\/index.php\/wp-json\/wp\/v2\/categories?post=40989"},{"taxonomy":"post_tag","embeddable":true,"href":"https:\/\/www.sincomam.org.br\/index.php\/wp-json\/wp\/v2\/tags?post=40989"}],"curies":[{"name":"wp","href":"https:\/\/api.w.org\/{rel}","templated":true}]}}