{"id":40977,"date":"2022-08-22T01:34:08","date_gmt":"2022-08-22T04:34:08","guid":{"rendered":"http:\/\/www.sincomam.org.br\/?p=40977"},"modified":"2022-08-22T01:34:08","modified_gmt":"2022-08-22T04:34:08","slug":"governo-do-estado-vai-ter-que-apresentar-plano-sobre-as-barcas-ao-tce","status":"publish","type":"post","link":"https:\/\/www.sincomam.org.br\/index.php\/governo-do-estado-vai-ter-que-apresentar-plano-sobre-as-barcas-ao-tce\/","title":{"rendered":"Governo do Estado vai ter que apresentar plano sobre as barcas ao TCE"},"content":{"rendered":"<div class=\"text\">\n<div>\n<p>O Tribunal de Contas do Estado determina que o Governo do Rio apresente em at\u00e9 um m\u00eas um plano de transi\u00e7\u00e3o sobre a administra\u00e7\u00e3o dos servi\u00e7os das barcas.<\/p>\n<\/div>\n<\/div>\n<div class=\"text\">\n<div>\n<p>A decis\u00e3o \u00e9 da relatora do processo no TCE, Mariana Montebelo. A conselheira destaca o risco de descontinuidade do servi\u00e7o aquavi\u00e1rio no Estado em fun\u00e7\u00e3o de aus\u00eancia de planejamento e preven\u00e7\u00e3o.<\/p>\n<p>A modelagem da licita\u00e7\u00e3o que vai escolher a nova concession\u00e1ria est\u00e1 a cargo da UFRJ. A Frente Parlamentar em Defesa do Transporte Aquavi\u00e1rio da Alerj prev\u00ea uma lacuna de seis meses entre o fim do contrato da CCR, em fevereiro de 2023, e os tr\u00e2mites finais do edital.<\/p>\n<p>Fonte: Band News<\/p>\n<\/div>\n<\/div>\n","protected":false},"excerpt":{"rendered":"<p>O Tribunal de Contas do Estado determina que o Governo do Rio apresente em at\u00e9 um m\u00eas um plano de transi\u00e7\u00e3o sobre a administra\u00e7\u00e3o dos&#8230;<\/p>\n","protected":false},"author":1527,"featured_media":40978,"comment_status":"closed","ping_status":"closed","sticky":false,"template":"","format":"standard","meta":{"footnotes":""},"categories":[6],"tags":[],"class_list":["post-40977","post","type-post","status-publish","format-standard","has-post-thumbnail","hentry","category-noticias"],"_links":{"self":[{"href":"https:\/\/www.sincomam.org.br\/index.php\/wp-json\/wp\/v2\/posts\/40977","targetHints":{"allow":["GET"]}}],"collection":[{"href":"https:\/\/www.sincomam.org.br\/index.php\/wp-json\/wp\/v2\/posts"}],"about":[{"href":"https:\/\/www.sincomam.org.br\/index.php\/wp-json\/wp\/v2\/types\/post"}],"author":[{"embeddable":true,"href":"https:\/\/www.sincomam.org.br\/index.php\/wp-json\/wp\/v2\/users\/1527"}],"replies":[{"embeddable":true,"href":"https:\/\/www.sincomam.org.br\/index.php\/wp-json\/wp\/v2\/comments?post=40977"}],"version-history":[{"count":1,"href":"https:\/\/www.sincomam.org.br\/index.php\/wp-json\/wp\/v2\/posts\/40977\/revisions"}],"predecessor-version":[{"id":40979,"href":"https:\/\/www.sincomam.org.br\/index.php\/wp-json\/wp\/v2\/posts\/40977\/revisions\/40979"}],"wp:featuredmedia":[{"embeddable":true,"href":"https:\/\/www.sincomam.org.br\/index.php\/wp-json\/wp\/v2\/media\/40978"}],"wp:attachment":[{"href":"https:\/\/www.sincomam.org.br\/index.php\/wp-json\/wp\/v2\/media?parent=40977"}],"wp:term":[{"taxonomy":"category","embeddable":true,"href":"https:\/\/www.sincomam.org.br\/index.php\/wp-json\/wp\/v2\/categories?post=40977"},{"taxonomy":"post_tag","embeddable":true,"href":"https:\/\/www.sincomam.org.br\/index.php\/wp-json\/wp\/v2\/tags?post=40977"}],"curies":[{"name":"wp","href":"https:\/\/api.w.org\/{rel}","templated":true}]}}