{"id":40968,"date":"2022-08-22T01:21:59","date_gmt":"2022-08-22T04:21:59","guid":{"rendered":"http:\/\/www.sincomam.org.br\/?p=40968"},"modified":"2022-08-22T01:22:23","modified_gmt":"2022-08-22T04:22:23","slug":"brasil-assume-comando-de-forca-tarefa-maritima-internacional","status":"publish","type":"post","link":"https:\/\/www.sincomam.org.br\/index.php\/brasil-assume-comando-de-forca-tarefa-maritima-internacional\/","title":{"rendered":"Brasil assume comando de For\u00e7a-Tarefa mar\u00edtima internacional"},"content":{"rendered":"<p class=\"rtejustify\">A Marinha do Brasil (MB) assumiu o Comando da <em>Combined Task Force 151<\/em>\u00a0(CTF-151), em cerim\u00f4nia realizada em Manama, capital do Bahrein. A CTF-151 \u00e9 uma for\u00e7a-tarefa multinacional que realiza opera\u00e7\u00f5es para dissuadir, interromper e reprimir a pirataria na regi\u00e3o do Chifre da \u00c1frica. O Contra-Almirante Nelson de Oliveira Leite recebeu a fun\u00e7\u00e3o do Comodoro Ahmed Hussein, da Marinha do Paquist\u00e3o, e exercer\u00e1 um mandato que se estender\u00e1 de agosto de 2022 a fevereiro de 2023.<\/p>\n<p class=\"rtejustify\">A CTF-151 \u00e9 uma das quatro for\u00e7as-tarefa subordinadas \u00e0s\u00a0<em>Combined Maritime Forces<\/em>\u00a0(CMF), For\u00e7a-Tarefa Multinacional formada pela coaliz\u00e3o de 34 pa\u00edses e organizada para promover o combate \u00e0 pirataria, bem como a seguran\u00e7a e estabilidade em aproximadamente 3,2 milh\u00f5es de milhas quadradas de \u00e1guas internacionais, que abrangem algumas das rotas mar\u00edtimas mais importantes do mundo, destacando-se o Mar da Ar\u00e1bia, Golfo de Om\u00e3, Golfo de \u00c1den e o Mar Vermelho.<\/p>\n<p class=\"rtejustify\">A participa\u00e7\u00e3o na CMF \u00e9 feita de forma volunt\u00e1ria e cada pa\u00eds da coaliz\u00e3o decide de que forma pode contribuir com as opera\u00e7\u00f5es, seja por meio de navios, aeronaves, ou pessoal qualificado para compor os Estados-Maiores das For\u00e7as-Tarefa Combinadas ou da pr\u00f3pria CMF. O per\u00edodo de Comando das For\u00e7as-Tarefa varia de quatro a seis meses.<\/p>\n<p class=\"rtejustify\">O Contra-Almirante Nelson Leite destaca que \u201cao aceitar mais um convite para comandar a CTF-151, a Marinha do Brasil reafirma seu compromisso com a comunidade mar\u00edtima. Estou na expectativa pelo trabalho que minha equipe far\u00e1 para continuar a promover e defender a seguran\u00e7a na regi\u00e3o\u201d.<\/p>\n<p class=\"rtejustify\"><strong>Participa\u00e7\u00e3o do Brasil na CTF-151<\/strong><br \/>\nO Comandante de Opera\u00e7\u00f5es Navais, Almirante de Esquadra Marcos Sampaio Olsen, esteve na cerim\u00f4nia de transmiss\u00e3o do cargo e afirmou que \u201ca Marinha, ao assumir o Comando da CTF-151, refor\u00e7a a posi\u00e7\u00e3o do Brasil como ator capaz de contribuir para o esfor\u00e7o de manuten\u00e7\u00e3o e seguran\u00e7a das linhas de comunica\u00e7\u00e3o mar\u00edtimas, participando de uma coaliz\u00e3o internacional de combate \u00e0 pirataria, respeitando os limites de atua\u00e7\u00e3o do Estado brasileiro. Al\u00e9m disso, trata-se de uma oportunidade \u00edmpar para sedimentar conhecimentos nos n\u00edveis operacional e t\u00e1tico, aprimorando, assim, a doutrina e os procedimentos concernentes \u00e0s Opera\u00e7\u00f5es de Seguran\u00e7a, Defesa e Controle do Tr\u00e1fego Mar\u00edtimo, dentre outros\u201d. O Brasil foi o primeiro e \u00fanico pa\u00eds da Am\u00e9rica do Sul a comandar a CTF-151, tendo assumido pela primeira vez entre junho e novembro de 2021.<\/p>\n<p>Fonte: Defesa em Foco<\/p>\n","protected":false},"excerpt":{"rendered":"<p>A Marinha do Brasil (MB) assumiu o Comando da Combined Task Force 151\u00a0(CTF-151), em cerim\u00f4nia realizada em Manama, capital do Bahrein. A CTF-151 \u00e9 uma&#8230;<\/p>\n","protected":false},"author":1527,"featured_media":40969,"comment_status":"closed","ping_status":"closed","sticky":false,"template":"","format":"standard","meta":{"footnotes":""},"categories":[1],"tags":[],"class_list":["post-40968","post","type-post","status-publish","format-standard","has-post-thumbnail","hentry","category-sem-categoria"],"_links":{"self":[{"href":"https:\/\/www.sincomam.org.br\/index.php\/wp-json\/wp\/v2\/posts\/40968","targetHints":{"allow":["GET"]}}],"collection":[{"href":"https:\/\/www.sincomam.org.br\/index.php\/wp-json\/wp\/v2\/posts"}],"about":[{"href":"https:\/\/www.sincomam.org.br\/index.php\/wp-json\/wp\/v2\/types\/post"}],"author":[{"embeddable":true,"href":"https:\/\/www.sincomam.org.br\/index.php\/wp-json\/wp\/v2\/users\/1527"}],"replies":[{"embeddable":true,"href":"https:\/\/www.sincomam.org.br\/index.php\/wp-json\/wp\/v2\/comments?post=40968"}],"version-history":[{"count":1,"href":"https:\/\/www.sincomam.org.br\/index.php\/wp-json\/wp\/v2\/posts\/40968\/revisions"}],"predecessor-version":[{"id":40970,"href":"https:\/\/www.sincomam.org.br\/index.php\/wp-json\/wp\/v2\/posts\/40968\/revisions\/40970"}],"wp:featuredmedia":[{"embeddable":true,"href":"https:\/\/www.sincomam.org.br\/index.php\/wp-json\/wp\/v2\/media\/40969"}],"wp:attachment":[{"href":"https:\/\/www.sincomam.org.br\/index.php\/wp-json\/wp\/v2\/media?parent=40968"}],"wp:term":[{"taxonomy":"category","embeddable":true,"href":"https:\/\/www.sincomam.org.br\/index.php\/wp-json\/wp\/v2\/categories?post=40968"},{"taxonomy":"post_tag","embeddable":true,"href":"https:\/\/www.sincomam.org.br\/index.php\/wp-json\/wp\/v2\/tags?post=40968"}],"curies":[{"name":"wp","href":"https:\/\/api.w.org\/{rel}","templated":true}]}}