{"id":40965,"date":"2022-08-22T01:13:32","date_gmt":"2022-08-22T04:13:32","guid":{"rendered":"http:\/\/www.sincomam.org.br\/?p=40965"},"modified":"2022-08-22T01:13:32","modified_gmt":"2022-08-22T04:13:32","slug":"marinha-forma-aquaviarios-indigenas-em-aldeia-no-extremo-norte-do-pais","status":"publish","type":"post","link":"https:\/\/www.sincomam.org.br\/index.php\/marinha-forma-aquaviarios-indigenas-em-aldeia-no-extremo-norte-do-pais\/","title":{"rendered":"Marinha forma aquavi\u00e1rios ind\u00edgenas em aldeia no extremo Norte do Pa\u00eds"},"content":{"rendered":"<div>A\u00a0Ag\u00eancia da Capitania dos Portos no Oiapoque\u00a0qualificou\u00a030 novos aquavi\u00e1rios\u00a0na\u00a0Aldeia do Manga,\u00a0terra ind\u00edgena Ua\u00e7\u00e1,\u00a0no\u00a0munic\u00edpio de Oiapoque\u00a0(AP). Os ind\u00edgenas, dentre eles cinco mulheres, participaram da cerim\u00f4nia de encerramento do\u00a01\u00ba\u00a0Curso de Forma\u00e7\u00e3o de Aquavi\u00e1rios,\u00a0no dia 16 agosto.<\/div>\n<div><\/div>\n<div>O\u00a0curso de\u00a0Marinheiro Auxiliar Fluvial de Conv\u00e9s e\u00a0M\u00e1quinas\u00a0foi realizado\u00a0no per\u00edodo\u00a0de\u00a08\u00a0a 16\u00a0de agosto.\u00a0\u201cNunca pensei que poderia ter\u00a0a\u00a0oportunidade de realizar umcurso oferecido pela Marinha\u201d,\u00a0disse a ind\u00edgena\u00a0Ta\u00eds Anic\u00e1 dos Santos, que agradeceu a oportunidade de profissionaliza\u00e7\u00e3o.<\/div>\n<div><\/div>\n<div><span lang=\"pt-BR\" xml:lang=\"pt-BR\">Durante o curso, o<\/span><span lang=\"pt-BR\" xml:lang=\"pt-BR\">s alunos\u00a0<\/span><span lang=\"pt-BR\" xml:lang=\"pt-BR\">foram<\/span><span lang=\"pt-BR\" xml:lang=\"pt-BR\">\u00a0instru\u00eddos sobre\u00a0<\/span>Atividades de Pesca I, Condu\u00e7\u00e3o e Opera\u00e7\u00e3o de Embarca\u00e7\u00e3o de Pesca, Sistema de Propuls\u00e3o a Motor Diesel, Conhecimentos Elementares de Primeiros Socorros, T\u00e9cnicas de Sobreviv\u00eancia Pessoal, Preven\u00e7\u00e3o e Combate a Inc\u00eandio e Seguran\u00e7a em Opera\u00e7\u00f5es de Embarca\u00e7\u00e3o de Pesca.<\/div>\n<div><\/div>\n<div><b>Ensino Profissional<\/b><\/div>\n<div><span lang=\"pt-PT\" xml:lang=\"pt-PT\">Os\u00a0<\/span><span lang=\"pt-PT\" xml:lang=\"pt-PT\">c<\/span><span lang=\"pt-PT\" xml:lang=\"pt-PT\">ursos<\/span><span lang=\"pt-PT\" xml:lang=\"pt-PT\">\u00a0do Programa do Ensino Profissional Mar\u00edtimo, para\u00a0<\/span><span lang=\"pt-PT\" xml:lang=\"pt-PT\">Aquavi\u00e1rios<\/span><span lang=\"pt-PT\" xml:lang=\"pt-PT\">,\u00a0<\/span><span lang=\"pt-PT\" xml:lang=\"pt-PT\">s\u00e3o oferecidos,\u00a0<\/span><span lang=\"pt-PT\" xml:lang=\"pt-PT\">gratuitamente,\u00a0<\/span><span lang=\"pt-PT\" xml:lang=\"pt-PT\">por diversas\u00a0<\/span><span lang=\"pt-PT\" xml:lang=\"pt-PT\">o<\/span><span lang=\"pt-PT\" xml:lang=\"pt-PT\">rganiza\u00e7\u00f5es\u00a0<\/span><span lang=\"pt-PT\" xml:lang=\"pt-PT\">m<\/span><span lang=\"pt-PT\" xml:lang=\"pt-PT\">ilitares da Marinha em todo o Pa\u00eds, e\u00a0<\/span><span lang=\"pt-PT\" xml:lang=\"pt-PT\">t<\/span><span lang=\"pt-PT\" xml:lang=\"pt-PT\">\u00ea<\/span><span lang=\"pt-PT\" xml:lang=\"pt-PT\">m como objetivo o preparo do pessoal para o trabalho a bordo de embarca\u00e7\u00f5es.\u00a0<\/span><span lang=\"pt-PT\" xml:lang=\"pt-PT\">S<\/span><span lang=\"pt-PT\" xml:lang=\"pt-PT\">\u00e3o\u00a0<\/span><span lang=\"pt-PT\" xml:lang=\"pt-PT\">direcionados\u00a0<\/span><span lang=\"pt-PT\" xml:lang=\"pt-PT\">para forma\u00e7\u00e3o e qualifica\u00e7\u00e3o de Mar\u00edtimos, Fluvi\u00e1rios, Pescadores e Mergulhadores.<\/span><\/div>\n<div><\/div>\n<div><span lang=\"pt-BR\" xml:lang=\"pt-BR\">Refor<\/span><span lang=\"pt-BR\" xml:lang=\"pt-BR\">\u00e7<\/span><span lang=\"pt-BR\" xml:lang=\"pt-BR\">ando o compromisso com a seguran\u00e7a da navega\u00e7\u00e3o e<\/span>\u00a0<span lang=\"pt-BR\" xml:lang=\"pt-BR\">com a\u00a0<\/span><span lang=\"pt-BR\" xml:lang=\"pt-BR\">amplia<\/span><span lang=\"pt-BR\" xml:lang=\"pt-BR\">\u00e7\u00e3o\u00a0<\/span><span lang=\"pt-BR\" xml:lang=\"pt-BR\">de inser\u00e7\u00e3o profissional no setor\u00a0<\/span><span lang=\"pt-BR\" xml:lang=\"pt-BR\">mar\u00edtimo, o<\/span><span lang=\"pt-BR\" xml:lang=\"pt-BR\">\u00a0Comando do 4\u00ba Distrito Naval formou,\u00a0<\/span><span lang=\"pt-BR\" xml:lang=\"pt-BR\">em 2021,\u00a0<\/span><span lang=\"pt-BR\" xml:lang=\"pt-BR\">1.894 aquavi\u00e1rios. Em 2022, esse n\u00famero j\u00e1 alcan<\/span><span lang=\"pt-BR\" xml:lang=\"pt-BR\">\u00e7<\/span><span lang=\"pt-BR\" xml:lang=\"pt-BR\">ou\u00a0<\/span><span lang=\"pt-BR\" xml:lang=\"pt-BR\">2.038<\/span><span lang=\"pt-BR\" xml:lang=\"pt-BR\">\u00a0formados. Por meio dos cursos, a Marinha tamb\u00e9m colabora com a dissemina\u00e7\u00e3o de uma mentalidade voltada para\u00a0<\/span><span lang=\"pt-BR\" xml:lang=\"pt-BR\">preven\u00e7\u00e3o de acidentes de navega\u00e7\u00e3o, de polui\u00e7\u00e3o h\u00eddrica e salvaguarda da vida humana nos rios.<\/span><\/div>\n<div><\/div>\n<div>Fonte: Defesa em Foco<\/div>\n","protected":false},"excerpt":{"rendered":"<p>A\u00a0Ag\u00eancia da Capitania dos Portos no Oiapoque\u00a0qualificou\u00a030 novos aquavi\u00e1rios\u00a0na\u00a0Aldeia do Manga,\u00a0terra ind\u00edgena Ua\u00e7\u00e1,\u00a0no\u00a0munic\u00edpio de Oiapoque\u00a0(AP). Os ind\u00edgenas, dentre eles cinco mulheres, participaram da cerim\u00f4nia de&#8230;<\/p>\n","protected":false},"author":1527,"featured_media":40966,"comment_status":"closed","ping_status":"closed","sticky":false,"template":"","format":"standard","meta":{"footnotes":""},"categories":[6],"tags":[],"class_list":["post-40965","post","type-post","status-publish","format-standard","has-post-thumbnail","hentry","category-noticias"],"_links":{"self":[{"href":"https:\/\/www.sincomam.org.br\/index.php\/wp-json\/wp\/v2\/posts\/40965","targetHints":{"allow":["GET"]}}],"collection":[{"href":"https:\/\/www.sincomam.org.br\/index.php\/wp-json\/wp\/v2\/posts"}],"about":[{"href":"https:\/\/www.sincomam.org.br\/index.php\/wp-json\/wp\/v2\/types\/post"}],"author":[{"embeddable":true,"href":"https:\/\/www.sincomam.org.br\/index.php\/wp-json\/wp\/v2\/users\/1527"}],"replies":[{"embeddable":true,"href":"https:\/\/www.sincomam.org.br\/index.php\/wp-json\/wp\/v2\/comments?post=40965"}],"version-history":[{"count":1,"href":"https:\/\/www.sincomam.org.br\/index.php\/wp-json\/wp\/v2\/posts\/40965\/revisions"}],"predecessor-version":[{"id":40967,"href":"https:\/\/www.sincomam.org.br\/index.php\/wp-json\/wp\/v2\/posts\/40965\/revisions\/40967"}],"wp:featuredmedia":[{"embeddable":true,"href":"https:\/\/www.sincomam.org.br\/index.php\/wp-json\/wp\/v2\/media\/40966"}],"wp:attachment":[{"href":"https:\/\/www.sincomam.org.br\/index.php\/wp-json\/wp\/v2\/media?parent=40965"}],"wp:term":[{"taxonomy":"category","embeddable":true,"href":"https:\/\/www.sincomam.org.br\/index.php\/wp-json\/wp\/v2\/categories?post=40965"},{"taxonomy":"post_tag","embeddable":true,"href":"https:\/\/www.sincomam.org.br\/index.php\/wp-json\/wp\/v2\/tags?post=40965"}],"curies":[{"name":"wp","href":"https:\/\/api.w.org\/{rel}","templated":true}]}}