{"id":40957,"date":"2022-08-19T10:51:43","date_gmt":"2022-08-19T13:51:43","guid":{"rendered":"http:\/\/www.sincomam.org.br\/?p=40957"},"modified":"2022-08-19T10:51:59","modified_gmt":"2022-08-19T13:51:59","slug":"inss-muda-regra-da-aposentadoria-por-invalidez-e-acumulo-de-beneficio","status":"publish","type":"post","link":"https:\/\/www.sincomam.org.br\/index.php\/inss-muda-regra-da-aposentadoria-por-invalidez-e-acumulo-de-beneficio\/","title":{"rendered":"INSS muda regra da Aposentadoria por Invalidez e acumulo de benef\u00edcio"},"content":{"rendered":"<p>O Instituto Nacional do Seguro Social (INSS), recentemente publicou uma portaria que estabelece uma mudan\u00e7a importante quanto aos segurados que tiverem a concess\u00e3o da aposentadoria por invalidez e o ac\u00famulo de benef\u00edcio previdenci\u00e1rio.<\/p>\n<p>A nova regra em vigor desde sexta-feira da semana passada (12\/08), estabelece que os segurados que tiverem a concess\u00e3o da aposentadoria por invalidez ter\u00e3o um prazo de 60 dias para preenchimento de documento informando ao INSS se recebem ou n\u00e3o outro benef\u00edcio previdenci\u00e1rio.<\/p>\n<p>A partir do documento o segurado dever\u00e1 informar ao Instituto se recebe algum outro benef\u00edcio em outro Regime Previdenci\u00e1rio, ou ainda, se recebe a pens\u00e3o por morte do pr\u00f3prio INSS ou de algum outro regime.<\/p>\n<p data-fetch=\"true\">Antes da mudan\u00e7a, o INSS informou que o segurado s\u00f3 precisava apresentar a autodeclara\u00e7\u00e3o, durante o processo de an\u00e1lise para concess\u00e3o da aposentadoria por invalidez. Agora, a partir da mudan\u00e7a, esse documento passa a ser entregue somente quando o benef\u00edcio \u00e9 concedido ao segurado.<\/p>\n<div id=\"P_JORNAL_CONTABIL_INTEXT_01_0\" data-premium=\"\" data-adunit=\"JORNAL_CONTABIL_INTEXT_01\" data-sizes-mobile=\"[[336,280],[300,250]]\" data-sizes-desktop=\"[[336,280],[300,250]]\" data-type=\"intext\" data-fetch=\"true\" data-google-query-id=\"CJ6m6aaF0_kCFdY0uQYdV6cAhg\">\n<h2 id=\"h-como-fazer-a-autodeclaracao\"><strong>Como fazer a autodeclara\u00e7\u00e3o<\/strong><\/h2>\n<p>Para realizar o processo de autodeclara\u00e7\u00e3o, o segurado n\u00e3o precisar\u00e1 comparecer \u00e0s ag\u00eancias do INSS, isso porque, o servi\u00e7o pode ser feito digitalmente da seguinte forma:<\/p>\n<ul>\n<li>Atrav\u00e9s do<a href=\"https:\/\/meu.inss.gov.br\/#\/\">\u00a0site Meu INSS<\/a>;<\/li>\n<li>Atrav\u00e9s do aplicativo Meu INSS, dispon\u00edvel para celulares<a href=\"https:\/\/play.google.com\/store\/apps\/details?id=br.gov.dataprev.meuinss&amp;hl=pt_BR&amp;gl=US\">\u00a0Android<\/a>\u00a0e<a href=\"https:\/\/apps.apple.com\/br\/app\/meu-inss-central-de-servi%C3%A7os\/id1243048358\">\u00a0iOS<\/a>.<\/li>\n<\/ul>\n<p>Ao acessar a plataforma basta buscar pela op\u00e7\u00e3o \u201cInformar sobre Recebimento de Benef\u00edcio em Outro Regime de Previd\u00eancia\u201d. Em caso de d\u00favidas o segurado tamb\u00e9m poder\u00e1 entrar em contato com a central telef\u00f4nica do INSS, n\u00famero 135.<\/p>\n<div id=\"jorna-388218422\" class=\"jorna-amp-4\"><\/div>\n<p>Caso o segurado n\u00e3o fa\u00e7a a autodeclara\u00e7\u00e3o num prazo de at\u00e9 60 dias ap\u00f3s a concess\u00e3o do benef\u00edcio, o mesmo ter\u00e1 sua aposentadoria por invalidez automaticamente suspensa. E caro o segurado n\u00e3o regularize a situa\u00e7\u00e3o ap\u00f3s seis meses, o benef\u00edcio ser\u00e1 cancelado.<\/p>\n<p>Fonte: Jornal Cont\u00e1bil<\/p>\n<\/div>\n","protected":false},"excerpt":{"rendered":"<p>O Instituto Nacional do Seguro Social (INSS), recentemente publicou uma portaria que estabelece uma mudan\u00e7a importante quanto aos segurados que tiverem a concess\u00e3o da aposentadoria&#8230;<\/p>\n","protected":false},"author":1527,"featured_media":31792,"comment_status":"closed","ping_status":"closed","sticky":false,"template":"","format":"standard","meta":{"footnotes":""},"categories":[6],"tags":[],"class_list":["post-40957","post","type-post","status-publish","format-standard","has-post-thumbnail","hentry","category-noticias"],"_links":{"self":[{"href":"https:\/\/www.sincomam.org.br\/index.php\/wp-json\/wp\/v2\/posts\/40957","targetHints":{"allow":["GET"]}}],"collection":[{"href":"https:\/\/www.sincomam.org.br\/index.php\/wp-json\/wp\/v2\/posts"}],"about":[{"href":"https:\/\/www.sincomam.org.br\/index.php\/wp-json\/wp\/v2\/types\/post"}],"author":[{"embeddable":true,"href":"https:\/\/www.sincomam.org.br\/index.php\/wp-json\/wp\/v2\/users\/1527"}],"replies":[{"embeddable":true,"href":"https:\/\/www.sincomam.org.br\/index.php\/wp-json\/wp\/v2\/comments?post=40957"}],"version-history":[{"count":1,"href":"https:\/\/www.sincomam.org.br\/index.php\/wp-json\/wp\/v2\/posts\/40957\/revisions"}],"predecessor-version":[{"id":40958,"href":"https:\/\/www.sincomam.org.br\/index.php\/wp-json\/wp\/v2\/posts\/40957\/revisions\/40958"}],"wp:featuredmedia":[{"embeddable":true,"href":"https:\/\/www.sincomam.org.br\/index.php\/wp-json\/wp\/v2\/media\/31792"}],"wp:attachment":[{"href":"https:\/\/www.sincomam.org.br\/index.php\/wp-json\/wp\/v2\/media?parent=40957"}],"wp:term":[{"taxonomy":"category","embeddable":true,"href":"https:\/\/www.sincomam.org.br\/index.php\/wp-json\/wp\/v2\/categories?post=40957"},{"taxonomy":"post_tag","embeddable":true,"href":"https:\/\/www.sincomam.org.br\/index.php\/wp-json\/wp\/v2\/tags?post=40957"}],"curies":[{"name":"wp","href":"https:\/\/api.w.org\/{rel}","templated":true}]}}