{"id":40919,"date":"2022-08-17T10:28:38","date_gmt":"2022-08-17T13:28:38","guid":{"rendered":"http:\/\/www.sincomam.org.br\/?p=40919"},"modified":"2022-08-17T10:28:38","modified_gmt":"2022-08-17T13:28:38","slug":"marinha-visita-o-vtmis-do-porto-de-vitoria","status":"publish","type":"post","link":"https:\/\/www.sincomam.org.br\/index.php\/marinha-visita-o-vtmis-do-porto-de-vitoria\/","title":{"rendered":"Marinha visita o VTMIS do Porto de Vit\u00f3ria"},"content":{"rendered":"<p>No dia 12 de agosto, uma comitiva formada por militares do Comando de Opera\u00e7\u00f5es Mar\u00edtimas e Prote\u00e7\u00e3o da Amaz\u00f4nia Azul, do Centro de An\u00e1lises de Sistemas Navais, do Instituto de Pesquisas da Marinha e da Capitania dos Portos do Esp\u00edrito Santo, chefiada pelo Comandante do Centro de Opera\u00e7\u00f5es Mar\u00edtimas Capit\u00e3o de Mar e Guerra Jo\u00e3o Batista Barbosa, realizou uma visita t\u00e9cnica ao Centro de Controle de Opera\u00e7\u00f5es (CCO) da Companhia Docas do Esp\u00edrito Santo, que abriga o Sistema de Informa\u00e7\u00e3o e Gerenciamento do Tr\u00e1fego de Embarca\u00e7\u00f5es (VTMIS) do Porto de Vit\u00f3ria.<\/p>\n<p>Um VTMIS (sigla em ingl\u00eas para Vessel Traffic Management Information System) comp\u00f5e um Sistema Integrado de Vigil\u00e2ncia Mar\u00edtima, que incorpora diversos recursos de telem\u00e1tica, com capacidade de prover monitoramento ativo, aumentando a efetividade das opera\u00e7\u00f5es portu\u00e1rias ou da atividade mar\u00edtima, contribuindo com a salvaguarda da vida humana no mar, a seguran\u00e7a da navega\u00e7\u00e3o, a preven\u00e7\u00e3o da polui\u00e7\u00e3o h\u00eddrica, bem como com a prote\u00e7\u00e3o mar\u00edtima.<\/p>\n<p>A comitiva foi recebida pelo Gerente do VTMIS, Capit\u00e3o de Mar e Guerra Agostinho Sobral Sampaio, que apresentou o CCO onde se localiza o sistema. A visita t\u00e9cnica objetivou conhecer de perto o VTMIS, suas funcionalidades e capacidades, bem como buscar solu\u00e7\u00f5es para otimizar a integra\u00e7\u00e3o dos dados coletados ao Sistema de Informa\u00e7\u00f5es sobre o Tr\u00e1fego Mar\u00edtimo (SISTRAM).<\/p>\n<p>Na oportunidade foram realizadas trocas de experi\u00eancias sobre a condu\u00e7\u00e3o das opera\u00e7\u00f5es, dificuldades enfrentadas no monitoramento e tamb\u00e9m discutidas possibilidades de novas integra\u00e7\u00f5es de dados do VTMIS com o Sistema de Comando e Controle da Marinha do Brasil.<\/p>\n<div>Fonte: Defesa em Foco<\/div>\n","protected":false},"excerpt":{"rendered":"<p>No dia 12 de agosto, uma comitiva formada por militares do Comando de Opera\u00e7\u00f5es Mar\u00edtimas e Prote\u00e7\u00e3o da Amaz\u00f4nia Azul, do Centro de An\u00e1lises de&#8230;<\/p>\n","protected":false},"author":1527,"featured_media":40920,"comment_status":"closed","ping_status":"closed","sticky":false,"template":"","format":"standard","meta":{"footnotes":""},"categories":[6],"tags":[],"class_list":["post-40919","post","type-post","status-publish","format-standard","has-post-thumbnail","hentry","category-noticias"],"_links":{"self":[{"href":"https:\/\/www.sincomam.org.br\/index.php\/wp-json\/wp\/v2\/posts\/40919","targetHints":{"allow":["GET"]}}],"collection":[{"href":"https:\/\/www.sincomam.org.br\/index.php\/wp-json\/wp\/v2\/posts"}],"about":[{"href":"https:\/\/www.sincomam.org.br\/index.php\/wp-json\/wp\/v2\/types\/post"}],"author":[{"embeddable":true,"href":"https:\/\/www.sincomam.org.br\/index.php\/wp-json\/wp\/v2\/users\/1527"}],"replies":[{"embeddable":true,"href":"https:\/\/www.sincomam.org.br\/index.php\/wp-json\/wp\/v2\/comments?post=40919"}],"version-history":[{"count":1,"href":"https:\/\/www.sincomam.org.br\/index.php\/wp-json\/wp\/v2\/posts\/40919\/revisions"}],"predecessor-version":[{"id":40921,"href":"https:\/\/www.sincomam.org.br\/index.php\/wp-json\/wp\/v2\/posts\/40919\/revisions\/40921"}],"wp:featuredmedia":[{"embeddable":true,"href":"https:\/\/www.sincomam.org.br\/index.php\/wp-json\/wp\/v2\/media\/40920"}],"wp:attachment":[{"href":"https:\/\/www.sincomam.org.br\/index.php\/wp-json\/wp\/v2\/media?parent=40919"}],"wp:term":[{"taxonomy":"category","embeddable":true,"href":"https:\/\/www.sincomam.org.br\/index.php\/wp-json\/wp\/v2\/categories?post=40919"},{"taxonomy":"post_tag","embeddable":true,"href":"https:\/\/www.sincomam.org.br\/index.php\/wp-json\/wp\/v2\/tags?post=40919"}],"curies":[{"name":"wp","href":"https:\/\/api.w.org\/{rel}","templated":true}]}}