{"id":40905,"date":"2022-08-17T04:43:30","date_gmt":"2022-08-17T07:43:30","guid":{"rendered":"http:\/\/www.sincomam.org.br\/?p=40905"},"modified":"2022-08-17T04:43:30","modified_gmt":"2022-08-17T07:43:30","slug":"comecou-a-16a-edicao-da-navalshore","status":"publish","type":"post","link":"https:\/\/www.sincomam.org.br\/index.php\/comecou-a-16a-edicao-da-navalshore\/","title":{"rendered":"Come\u00e7ou a 16\u00aa edi\u00e7\u00e3o da Navalshore"},"content":{"rendered":"<p>A 16\u00aa edi\u00e7\u00e3o da Navalshore come\u00e7ou, nesta ter\u00e7a-feira (16), com debates sobre o futuro da ind\u00fastria naval e a presen\u00e7a dos principais players do setor, entre expositores, palestrantes e visitantes. A confer\u00eancia ser\u00e1 aberta com o painel &#8216;Cen\u00e1rios da ind\u00fastria naval e offshore&#8217;, com a participa\u00e7\u00e3o de representantes da Associa\u00e7\u00e3o Brasileira das Empresas de Apoio Mar\u00edtimo (Abeam)\/Sindicato Nacional das Empresas de Navega\u00e7\u00e3o Mar\u00edtima (Syndarma); da Coordenadoria Geral de Projetos dos Fundos de Infraestrutura do Minist\u00e9rio da Infraestrutura; e dos sindicatos da Ind\u00fastria de Constru\u00e7\u00e3o Naval do Estado do Par\u00e1 (Sinconapa); e Nacional da Ind\u00fastria da Constru\u00e7\u00e3o e Repara\u00e7\u00e3o Naval e Offshore (Sinaval).<\/p>\n<p>O segundo painel do primeiro dia da confer\u00eancia ser\u00e1 dedicado aos programas de constru\u00e7\u00e3o da Marinha do Brasil, sob o t\u00edtulo &#8220;Programas de renova\u00e7\u00e3o e amplia\u00e7\u00e3o dos meios navais da Marinha do Brasil&#8221;. A Diretoria Geral do Material da Marinha, a SPE \u00c1guas Azuis e a C\u00e2mara Setorial de Equipamentos Navais, Offshore e Onshore \u2013 CSENO\/Abimaq v\u00e3o atualizar as informa\u00e7\u00f5es sobre os projetos e as parcerias entre a For\u00e7a Naval e os fornecedores.<\/p>\n<p>A programa\u00e7\u00e3o da confer\u00eancia oficial da Navalshore este ano ter\u00e1 quatro pain\u00e9is, nos dois primeiros dias do evento. Na quarta-feira (17), destaque para o painel \u2018E\u00f3licas offshore &#8211; perspectivas e oportunidades para a ind\u00fastria naval\u2019, seguido do debate sobre a \u2018Descarboniza\u00e7\u00e3o na ind\u00fastria mar\u00edtima\u2019. Outro destaque ser\u00e1 o ciclo de palestras, realizado paralelamente \u00e0 confer\u00eancia oficial, com palestras com conte\u00fado t\u00e9cnico dirigido aos profissionais e executivos do setor naval. Confira a programa\u00e7\u00e3o e mais informa\u00e7\u00f5es no\u00a0<a href=\"https:\/\/www.navalshore.com.br\/pt\/conferencia\/conferencia-oficial\" target=\"_blank\" rel=\"noopener\">site do evento<\/a>.<\/p>\n<p>Servi\u00e7o<br \/>\nA Portos e Navios \u00e9 a principal parceira e respons\u00e1vel pelo conte\u00fado t\u00e9cnico do evento, especialmente da confer\u00eancia que ocorre paralelamente \u00e0 feira.<\/p>\n<p>Navalshore 2022 &#8211; 16\u00aa Feira e Confer\u00eancia da Ind\u00fastria Mar\u00edtima.<\/p>\n<p>16 a 18 de agosto de 2022 no pavilh\u00e3o Expo Mag, no Centro do Rio de Janeiro.<\/p>\n<p>Mais informa\u00e7\u00f5es sobre a confer\u00eancia:\u00a0<a href=\"https:\/\/www.navalshore.com.br\/pt\/conferencia\/conferencia-oficial\">https:\/\/www.navalshore.com.br\/pt\/conferencia\/conferencia-oficial<\/a><\/p>\n<p>Visita\u00e7\u00e3o \u2014 credenciamento gratuito em\u00a0<a href=\"https:\/\/inscricaoeletronica.app.br\/navalshore\/\">https:\/\/inscricaoeletronica.app.br\/navalshore\/<\/a><\/p>\n<p>Contato:\u00a0<a href=\"mailto:navalshore@navalshore.com.br\">navalshore@navalshore.com.br<\/a><\/p>\n<p>Website:\u00a0<a href=\"https:\/\/navalshore.com.br\/\">https:\/\/navalshore.com.br<\/a><\/p>\n<p>Fonte: Portos e Navios<\/p>\n","protected":false},"excerpt":{"rendered":"<p>A 16\u00aa edi\u00e7\u00e3o da Navalshore come\u00e7ou, nesta ter\u00e7a-feira (16), com debates sobre o futuro da ind\u00fastria naval e a presen\u00e7a dos principais players do setor,&#8230;<\/p>\n","protected":false},"author":1527,"featured_media":40906,"comment_status":"closed","ping_status":"closed","sticky":false,"template":"","format":"standard","meta":{"footnotes":""},"categories":[6],"tags":[],"class_list":["post-40905","post","type-post","status-publish","format-standard","has-post-thumbnail","hentry","category-noticias"],"_links":{"self":[{"href":"https:\/\/www.sincomam.org.br\/index.php\/wp-json\/wp\/v2\/posts\/40905","targetHints":{"allow":["GET"]}}],"collection":[{"href":"https:\/\/www.sincomam.org.br\/index.php\/wp-json\/wp\/v2\/posts"}],"about":[{"href":"https:\/\/www.sincomam.org.br\/index.php\/wp-json\/wp\/v2\/types\/post"}],"author":[{"embeddable":true,"href":"https:\/\/www.sincomam.org.br\/index.php\/wp-json\/wp\/v2\/users\/1527"}],"replies":[{"embeddable":true,"href":"https:\/\/www.sincomam.org.br\/index.php\/wp-json\/wp\/v2\/comments?post=40905"}],"version-history":[{"count":1,"href":"https:\/\/www.sincomam.org.br\/index.php\/wp-json\/wp\/v2\/posts\/40905\/revisions"}],"predecessor-version":[{"id":40907,"href":"https:\/\/www.sincomam.org.br\/index.php\/wp-json\/wp\/v2\/posts\/40905\/revisions\/40907"}],"wp:featuredmedia":[{"embeddable":true,"href":"https:\/\/www.sincomam.org.br\/index.php\/wp-json\/wp\/v2\/media\/40906"}],"wp:attachment":[{"href":"https:\/\/www.sincomam.org.br\/index.php\/wp-json\/wp\/v2\/media?parent=40905"}],"wp:term":[{"taxonomy":"category","embeddable":true,"href":"https:\/\/www.sincomam.org.br\/index.php\/wp-json\/wp\/v2\/categories?post=40905"},{"taxonomy":"post_tag","embeddable":true,"href":"https:\/\/www.sincomam.org.br\/index.php\/wp-json\/wp\/v2\/tags?post=40905"}],"curies":[{"name":"wp","href":"https:\/\/api.w.org\/{rel}","templated":true}]}}