{"id":40899,"date":"2022-08-16T09:17:02","date_gmt":"2022-08-16T12:17:02","guid":{"rendered":"http:\/\/www.sincomam.org.br\/?p=40899"},"modified":"2022-08-16T09:17:02","modified_gmt":"2022-08-16T12:17:02","slug":"variola-dos-macacos-calendario-de-vacinacao-deve-sair-nesta-semana","status":"publish","type":"post","link":"https:\/\/www.sincomam.org.br\/index.php\/variola-dos-macacos-calendario-de-vacinacao-deve-sair-nesta-semana\/","title":{"rendered":"Var\u00edola dos macacos: calend\u00e1rio de vacina\u00e7\u00e3o deve sair nesta semana"},"content":{"rendered":"<p>O Minist\u00e9rio da Sa\u00fade (MS) dever\u00e1 saber nesta semana quando ter\u00e1 as primeiras vacinas dispon\u00edveis contra a var\u00edola dos macacos.<img decoding=\"async\" src=\"https:\/\/agenciabrasil.ebc.com.br\/ebc.png?id=1476587&amp;o=node\" \/><img decoding=\"async\" src=\"https:\/\/agenciabrasil.ebc.com.br\/ebc.gif?id=1476587&amp;o=node\" \/><\/p>\n<p>Segundo a representante da Organiza\u00e7\u00e3o Pan-Americana de Sa\u00fade (Opas) no Brasil, Socorro Gross, a fase de tratativas com o laborat\u00f3rio produtor da vacina terminaram, mas falta uma posi\u00e7\u00e3o do laborat\u00f3rio sobre o calend\u00e1rio de entrega.<\/p>\n<p>\u201cEsperamos ter o calend\u00e1rio das vacinas nesta semana\u201d, disse ela. \u201cN\u00e3o temos como apresentar um calend\u00e1rio [de entrega de vacina] neste momento. Sabemos que uma parte das vacinas vai chegar em breve. Esperamos que o fornecedor nos especifique quando n\u00f3s poderemos transportar a vacina para o Brasil\u201d, disse ela, em coletiva de imprensa, no Minist\u00e9rio da Sa\u00fade.<\/p>\n<p>A aquisi\u00e7\u00e3o dessas vacinas deve ser feita atrav\u00e9s da Opas, uma vez que o laborat\u00f3rio respons\u00e1vel por elas fica na Dinamarca e n\u00e3o tem representante no Brasil. Assim, o laborat\u00f3rio n\u00e3o pode solicitar o registro do imunizante junto \u00e0 Ag\u00eancia Nacional de Vigil\u00e2ncia Sanit\u00e1ria (Anvisa) e caso o pa\u00eds queira compr\u00e1-lo, a OPAS deve intermediar a transa\u00e7\u00e3o.<\/p>\n<p>Socorro Gross estava acompanhada do ministro da Sa\u00fade, Marcelo Queiroga, e de secret\u00e1rios da pasta. Queiroga esclareceu que as 50 mil doses solicitadas pelo Brasil, caso cheguem, ir\u00e3o para profissionais de sa\u00fade que lidam com materiais contaminados.<\/p>\n<p>Queiroga tamb\u00e9m n\u00e3o considera, at\u00e9 o momento, declarar Emerg\u00eancia em Sa\u00fade P\u00fablica de Import\u00e2ncia Nacional (Espin) por causa da doen\u00e7a. Segundo ele, a \u00e1rea t\u00e9cnica do minist\u00e9rio n\u00e3o se manifestou nesse sentido.<\/p>\n<p>Al\u00e9m disso, de acordo com Queiroga, mecanismos de vigil\u00e2ncia em sa\u00fade j\u00e1 foram refor\u00e7ados; pedidos de registros de testes r\u00e1pidos j\u00e1 foram feitos junto \u00e0 Ag\u00eancia Nacional de Vigil\u00e2ncia Sanit\u00e1ria (Anvisa); e outras provid\u00eancias podem ser tomadas fora do \u00e2mbito da Espin, caso seja necess\u00e1rio.<\/p>\n<p>At\u00e9 o momento, Estados Unidos e Austr\u00e1lia j\u00e1 declararam emerg\u00eancia em seus territ\u00f3rios.<\/p>\n<h2>Dados<\/h2>\n<p>Na coletiva de imprensa, o Minist\u00e9rio da Sa\u00fade tamb\u00e9m divulgou dados atualizados sobre a doen\u00e7a. No mundo inteiro foram registrados 35.621 casos em 92 pa\u00edses.<\/p>\n<p>Os pa\u00edses com mais casos s\u00e3o Estados Unidos (11,1 mil), Espanha (5,7 mil), Alemanha (3,1 mil), Reino Unido (3 mil), Brasil (2,8 mil), Fran\u00e7a (2,6 mil), Canad\u00e1 (1 mil), Holanda (1 mil), Portugal (770) e Peru (654).<\/p>\n<p>At\u00e9 o momento, 13 mortes foram registradas, em oito pa\u00edses. S\u00e3o eles: Nig\u00e9ria (4), Rep\u00fablica Centro-Africana (2), Espanha (2), Gana (1), Brasil (1), Equador (1), \u00cdndia (1) e Peru (1).<\/p>\n<p>No Brasil, foram confirmados at\u00e9 o momento 2.893 casos. Al\u00e9m disso, existem 3.555 casos suspeitos de var\u00edola dos macacos, com uma morte.<\/p>\n<p>Entre os contaminados, 95% s\u00e3o homens e a maioria est\u00e1 na faixa dos 30 anos de idade. Apesar de ser uma doen\u00e7a que acomete, em sua maioria, homens que fazem sexo com homens, o ministro faz um alerta para n\u00e3o se estigmatizar a doen\u00e7a a esse grupo espec\u00edfico ou mesmo discrimin\u00e1-lo.<\/p>\n<p>\u201cEssas refer\u00eancias feitas aqui a homens que fazem sexo com homens \u00e9 uma constata\u00e7\u00e3o t\u00e3o somente epidemiol\u00f3gica. N\u00e3o podemos incorrer nos erros do passado. N\u00f3s j\u00e1 sabemos o que aconteceu na d\u00e9cada de 80 com HIV\/Aids. N\u00e3o \u00e9 para discriminar as pessoas, \u00e9 para proteg\u00ea-las\u201d.<\/p>\n<p>Queiroga tamb\u00e9m afirmou que apesar do nome, a doen\u00e7a n\u00e3o \u00e9 transmitida pelos macacos e fez um apelo para a n\u00e3o agress\u00e3o desses animais, por medo da doen\u00e7a.<\/p>\n<p>Fonte: Ag\u00eancia Brasil<\/p>\n","protected":false},"excerpt":{"rendered":"<p>O Minist\u00e9rio da Sa\u00fade (MS) dever\u00e1 saber nesta semana quando ter\u00e1 as primeiras vacinas dispon\u00edveis contra a var\u00edola dos macacos. Segundo a representante da Organiza\u00e7\u00e3o&#8230;<\/p>\n","protected":false},"author":1527,"featured_media":40900,"comment_status":"closed","ping_status":"closed","sticky":false,"template":"","format":"standard","meta":{"footnotes":""},"categories":[6],"tags":[],"class_list":["post-40899","post","type-post","status-publish","format-standard","has-post-thumbnail","hentry","category-noticias"],"_links":{"self":[{"href":"https:\/\/www.sincomam.org.br\/index.php\/wp-json\/wp\/v2\/posts\/40899","targetHints":{"allow":["GET"]}}],"collection":[{"href":"https:\/\/www.sincomam.org.br\/index.php\/wp-json\/wp\/v2\/posts"}],"about":[{"href":"https:\/\/www.sincomam.org.br\/index.php\/wp-json\/wp\/v2\/types\/post"}],"author":[{"embeddable":true,"href":"https:\/\/www.sincomam.org.br\/index.php\/wp-json\/wp\/v2\/users\/1527"}],"replies":[{"embeddable":true,"href":"https:\/\/www.sincomam.org.br\/index.php\/wp-json\/wp\/v2\/comments?post=40899"}],"version-history":[{"count":1,"href":"https:\/\/www.sincomam.org.br\/index.php\/wp-json\/wp\/v2\/posts\/40899\/revisions"}],"predecessor-version":[{"id":40901,"href":"https:\/\/www.sincomam.org.br\/index.php\/wp-json\/wp\/v2\/posts\/40899\/revisions\/40901"}],"wp:featuredmedia":[{"embeddable":true,"href":"https:\/\/www.sincomam.org.br\/index.php\/wp-json\/wp\/v2\/media\/40900"}],"wp:attachment":[{"href":"https:\/\/www.sincomam.org.br\/index.php\/wp-json\/wp\/v2\/media?parent=40899"}],"wp:term":[{"taxonomy":"category","embeddable":true,"href":"https:\/\/www.sincomam.org.br\/index.php\/wp-json\/wp\/v2\/categories?post=40899"},{"taxonomy":"post_tag","embeddable":true,"href":"https:\/\/www.sincomam.org.br\/index.php\/wp-json\/wp\/v2\/tags?post=40899"}],"curies":[{"name":"wp","href":"https:\/\/api.w.org\/{rel}","templated":true}]}}