{"id":40893,"date":"2022-08-16T09:13:57","date_gmt":"2022-08-16T12:13:57","guid":{"rendered":"http:\/\/www.sincomam.org.br\/?p=40893"},"modified":"2022-08-16T09:13:57","modified_gmt":"2022-08-16T12:13:57","slug":"movimentacao-de-cargas-portuarias-cai-33-no-primeiro-semestre","status":"publish","type":"post","link":"https:\/\/www.sincomam.org.br\/index.php\/movimentacao-de-cargas-portuarias-cai-33-no-primeiro-semestre\/","title":{"rendered":"Movimenta\u00e7\u00e3o de cargas portu\u00e1rias cai 3,3% no primeiro semestre"},"content":{"rendered":"<p>A movimenta\u00e7\u00e3o de cargas no setor portu\u00e1rio apresentou um recuo de 3,3% no primeiro semestre de 2022 em rela\u00e7\u00e3o ao mesmo per\u00edodo do ano passado, informou\u00a0hoje\u00a0(15) a Ag\u00eancia Nacional de Transportes Aquavi\u00e1rios (Antaq). Segundo a ag\u00eancia, os portos organizados, terminais autorizados e arrendados movimentaram 581,3 milh\u00f5es de toneladas no per\u00edodo.<img decoding=\"async\" src=\"https:\/\/agenciabrasil.ebc.com.br\/ebc.png?id=1476483&amp;o=node\" \/><img decoding=\"async\" src=\"https:\/\/agenciabrasil.ebc.com.br\/ebc.gif?id=1476483&amp;o=node\" \/><\/p>\n<p>As informa\u00e7\u00f5es constam do painel Estat\u00edstico Aquavi\u00e1rio da Antaq, O painel destaca ainda que, em rela\u00e7\u00e3o ao primeiro semestre do ano passado, houve uma redu\u00e7\u00e3o nas movimenta\u00e7\u00f5es dos principais perfis de carga: graneis s\u00f3lido, l\u00edquido e conteineres.<\/p>\n<p>No granel s\u00f3lido, a queda foi de 4,4%, com movimenta\u00e7\u00e3o de 335,9 milh\u00f5es de toneladas. Esse tipo de carga representa 58% do total de cargas movimentadas.<\/p>\n<p>No granel l\u00edquido, a queda foi de um pouco maior, de 4,5%, com 148,1 milh\u00f5es de toneladas. O granel l\u00edquido movimenta 25% das cargas no pa\u00eds.<\/p>\n<p>J\u00e1 nos cont\u00eaineres, a redu\u00e7\u00e3o foi de 4,4%, com movimenta\u00e7\u00e3o de 62,7 milh\u00f5es de toneladas. Em geral, a movimenta\u00e7\u00e3o \u00e9 de\u00a011% das cargas no pa\u00eds.<\/p>\n<h2>Redu\u00e7\u00e3o nas exporta\u00e7\u00f5es<\/h2>\n<p>Segundo a Antaq, a queda foi puxada pela redu\u00e7\u00e3o nas exporta\u00e7\u00f5es das principais commodities brasileiras: min\u00e9rio de ferro, soja e petr\u00f3leo.<\/p>\n<p>O destaque positivo ficou para a carga em geral que apresentou um crescimento de 18,6%, com 34,7 milh\u00f5es de toneladas movimentadas. A carga em geral movimenta 6% das cargas transportadas no pa\u00eds. A exporta\u00e7\u00e3o de celulose puxou o crescimento.<\/p>\n<p>De acordo com o diretor-geral da Antaq, Eduardo Nery, a redu\u00e7\u00e3o na movimenta\u00e7\u00e3o pode ser explicada em raz\u00e3o de problemas na economia da China, maior parceiro comercial do Brasil.<\/p>\n<p>\u201cEntendemos que o decr\u00e9scimo ocorre principalmente em fun\u00e7\u00e3o dos problemas ocorridos na China, com\u00a0<em>lockdowns<\/em>\u00a0e fechamento de ind\u00fastrias e portos. Isso impactou na movimenta\u00e7\u00e3o de granel solido mineral e vegetal. Nossos cont\u00eaineres tamb\u00e9m\u201d, disse Nery que acrescentou esperar que a movimenta\u00e7\u00e3o total em 2022 fique pr\u00f3xima da do ano passado.<\/p>\n<p>A proje\u00e7\u00e3o da Antaq e que a movimenta\u00e7\u00e3o de cargas no segundo semestre fique em 631 milh\u00f5es de toneladas, um crescimento de 2,9% na compara\u00e7\u00e3o com o mesmo per\u00edodo do ano passado. Com isso, a previs\u00e3o \u00e9 que a movimenta\u00e7\u00e3o total fique em 1.212 bilh\u00e3o de toneladas, uma queda de 0,2% em rela\u00e7\u00e3o ao ano anterior.<\/p>\n<p>Fonte: Ag\u00eancia Brasil<\/p>\n","protected":false},"excerpt":{"rendered":"<p>A movimenta\u00e7\u00e3o de cargas no setor portu\u00e1rio apresentou um recuo de 3,3% no primeiro semestre de 2022 em rela\u00e7\u00e3o ao mesmo per\u00edodo do ano passado,&#8230;<\/p>\n","protected":false},"author":1527,"featured_media":40894,"comment_status":"closed","ping_status":"closed","sticky":false,"template":"","format":"standard","meta":{"footnotes":""},"categories":[6],"tags":[],"class_list":["post-40893","post","type-post","status-publish","format-standard","has-post-thumbnail","hentry","category-noticias"],"_links":{"self":[{"href":"https:\/\/www.sincomam.org.br\/index.php\/wp-json\/wp\/v2\/posts\/40893","targetHints":{"allow":["GET"]}}],"collection":[{"href":"https:\/\/www.sincomam.org.br\/index.php\/wp-json\/wp\/v2\/posts"}],"about":[{"href":"https:\/\/www.sincomam.org.br\/index.php\/wp-json\/wp\/v2\/types\/post"}],"author":[{"embeddable":true,"href":"https:\/\/www.sincomam.org.br\/index.php\/wp-json\/wp\/v2\/users\/1527"}],"replies":[{"embeddable":true,"href":"https:\/\/www.sincomam.org.br\/index.php\/wp-json\/wp\/v2\/comments?post=40893"}],"version-history":[{"count":1,"href":"https:\/\/www.sincomam.org.br\/index.php\/wp-json\/wp\/v2\/posts\/40893\/revisions"}],"predecessor-version":[{"id":40895,"href":"https:\/\/www.sincomam.org.br\/index.php\/wp-json\/wp\/v2\/posts\/40893\/revisions\/40895"}],"wp:featuredmedia":[{"embeddable":true,"href":"https:\/\/www.sincomam.org.br\/index.php\/wp-json\/wp\/v2\/media\/40894"}],"wp:attachment":[{"href":"https:\/\/www.sincomam.org.br\/index.php\/wp-json\/wp\/v2\/media?parent=40893"}],"wp:term":[{"taxonomy":"category","embeddable":true,"href":"https:\/\/www.sincomam.org.br\/index.php\/wp-json\/wp\/v2\/categories?post=40893"},{"taxonomy":"post_tag","embeddable":true,"href":"https:\/\/www.sincomam.org.br\/index.php\/wp-json\/wp\/v2\/tags?post=40893"}],"curies":[{"name":"wp","href":"https:\/\/api.w.org\/{rel}","templated":true}]}}