{"id":40889,"date":"2022-08-16T08:53:15","date_gmt":"2022-08-16T11:53:15","guid":{"rendered":"http:\/\/www.sincomam.org.br\/?p=40889"},"modified":"2022-08-16T08:53:15","modified_gmt":"2022-08-16T11:53:15","slug":"concurso-amplia-debate-sobre-a-economia-do-mar-no-meio-academico","status":"publish","type":"post","link":"https:\/\/www.sincomam.org.br\/index.php\/concurso-amplia-debate-sobre-a-economia-do-mar-no-meio-academico\/","title":{"rendered":"Concurso amplia debate sobre a Economia do Mar no meio acad\u00eamico"},"content":{"rendered":"<p class=\"rtejustify\">Dos mares extra\u00edmos cerca de 95% do petr\u00f3leo, 80% do g\u00e1s natural e 45% do pescado produzidos no Pa\u00eds. Pelas rotas mar\u00edtimas escoamos mais de 95% do com\u00e9rcio exterior brasileiro. Diante desse cen\u00e1rio, ter uma mentalidade mar\u00edtima, ou seja, entender a influ\u00eancia do mar na nossa sociedade, exige conhecimentos e percep\u00e7\u00f5es que, normalmente, deixam de estar ao alcance de significativa parte do povo brasileiro.<\/p>\n<p class=\"rtejustify\">Nesse contexto, o Clube Naval realiza a primeira edi\u00e7\u00e3o do Concurso Almirante Paulo Moreira da Silva com o tema \u201cPol\u00edticas p\u00fablicas de incentivos aos setores estrat\u00e9gicos da Economia do Mar\u201d, que tem como objetivo principal incentivar as pesquisas sobre os assuntos navais, al\u00e9m de aproximar a Marinha do Brasil do meio acad\u00eamico.<\/p>\n<p class=\"rtejustify\">A entrega dos trabalhos poder\u00e1 ser feita at\u00e9 o dia 16 de setembro, pessoalmente na Sede Social do Clube Naval, no Rio de Janeiro, ou pelos Correios. Podem participar alunos de gradua\u00e7\u00e3o, especializa\u00e7\u00e3o e p\u00f3s-gradua\u00e7\u00e3o realizados no Brasil, em institui\u00e7\u00e3o de ensino reconhecida pelo Minist\u00e9rio da Educa\u00e7\u00e3o e Cultura. O autor que vencer o concurso vai receber a quantia de R$ 10 mil e um certificado.<\/p>\n<p class=\"rtejustify\"><strong>Economia do Mar<\/strong><br \/>\nA\u00a0Economia do Mar\u00a0pode ser entendida como um conjunto de setores econ\u00f4micos que tem rela\u00e7\u00e3o direta e\/ou indireta com o mar. Segundo o Professor Adjunto do Programa de P\u00f3s-Gradua\u00e7\u00e3o em Estudos Mar\u00edtimos da Escola de Guerra Naval e Coordenador do Grupo Economia do Mar, Prof. Dr. Thauan Santos, normalmente os principais setores relacionados ao tema s\u00e3o: energias e minera\u00e7\u00e3o offshore; constru\u00e7\u00e3o e repara\u00e7\u00e3o naval; transporte mar\u00edtimo; turismo; esporte e lazer; defesa; pesca e aquicultura.<\/p>\n<p class=\"rtejustify\">De acordo com o Contra-Almirante (Fuzileiro Naval) Jos\u00e9 Henrique Salvi Elkfury, Diretor Cultural do Clube Naval, o tema foi escolhido devido a sua rela\u00e7\u00e3o direta com o desenvolvimento do nosso Pa\u00eds. \u201cA inten\u00e7\u00e3o do concurso \u00e9 ampliar o debate junto ao meio acad\u00eamico de forma a divulgar o conceito de Economia do Mar e todos os seus aspectos, contribuindo assim para a cria\u00e7\u00e3o de uma mentalidade mar\u00edtima na sociedade. A competi\u00e7\u00e3o tamb\u00e9m visa criar oportunidades para que novas ideias surjam para aprimorar as atividades desenvolvidas nesse setor da nossa economia\u201d, pontua.<\/p>\n<p class=\"rtejustify\">Cada pa\u00eds tem seu pr\u00f3prio conceito sobre Economia do Mar, utilizando termos distintos para se referir \u00e0 quest\u00e3o, como \u201cEconomia Azul\u201d, \u201cEconomia Oce\u00e2nica\u201d ou \u201cEconomia Marinha\u201d. Assim como na defini\u00e7\u00e3o do termo, cada pa\u00eds evidencia os seus setores estrat\u00e9gicos com base na sua realidade.<\/p>\n<p class=\"rtejustify\">Como afirma o Prof. Dr. Thauan Santos, incentivar pesquisas sobre o assunto no Brasil ajuda a dar a devida visibilidade \u00e0 quest\u00e3o, estimulando novas an\u00e1lises e discuss\u00f5es te\u00f3rico-metodol\u00f3gicas. \u201cNo caso brasileiro, essa iniciativa n\u00e3o \u00e9 apenas importante, mas imprescind\u00edvel. A relev\u00e2ncia que a Economia do Mar possui \u00e9 clara, inclusive em termos espaciais, devido ao tamanho da nossa\u00a0Amaz\u00f4nia Azul. Boa parte da popula\u00e7\u00e3o brasileira reside nas zonas costeiras e litor\u00e2neas e, paralelamente, parcela significativa da produ\u00e7\u00e3o econ\u00f4mica tamb\u00e9m ocorre nessas regi\u00f5es. Ind\u00fastrias e atividades econ\u00f4micas chave para o desenvolvimento do Pa\u00eds dependem do mar ou s\u00e3o desenvolvidas nele.\u201d<\/p>\n<p class=\"rtejustify\"><strong>Sobre o Almirante Paulo Moreira da Silva<\/strong><br \/>\nO nome do concurso \u00e9 uma homenagem ao Almirante Paulo Moreira que hoje \u00e9 considerado um pioneiro nos estudos relacionados ao mar no Brasil. Em sua trajet\u00f3ria ressaltam-se atividades de pesquisa no que veio a ser, em 1957, o Posto Oceanogr\u00e1fico da Ilha da Trindade. Ele foi o primeiro Superintendente para o Desenvolvimento da Pesca, cargo vinculado ao Minist\u00e9rio da Agricultura, em 1963, representou o Pa\u00eds no Simp\u00f3sio sobre navios nucleares realizado pela Ag\u00eancia Internacional de Energia At\u00f4mica em Hamburgo, na Alemanha, em 1971, e foi representante do Brasil na Confer\u00eancia das Na\u00e7\u00f5es Unidas sobre o Meio Ambiente em Estocolmo, na Su\u00e9cia, em 1972, entre outras atribui\u00e7\u00f5es.<\/p>\n<div>\n<p class=\"rtejustify\">Com mais de 30 trabalhos em sua produ\u00e7\u00e3o cient\u00edfica \u2013 com pesquisas nas \u00e1reas de climatologia, oceanografia, meteorologia, biologia marinha e hidrografia \u2013 recebeu v\u00e1rias premia\u00e7\u00f5es em \u00e2mbito nacional e internacional. Tamb\u00e9m foi um dos criadores e ex-presidente da Funda\u00e7\u00e3o de Estudos do Mar, al\u00e9m de ser o idealizador do Instituto de Estudos do Mar Almirante Paulo Moreira que, como forma de homenagem, tamb\u00e9m leva o seu nome.<\/p>\n<p class=\"rtejustify\"><strong>Servi\u00e7o \u2013 Concurso Almirante Paulo Moreira da Silva\u00a0<\/strong><br \/>\nEntrega dos trabalhos at\u00e9 16 de setembro no Departamento Cultural do Clube Naval ou pelos Correios<br \/>\nPr\u00eamio: R$ 10 mil e um certificado<br \/>\nRegulamento dispon\u00edvel no site\u00a0<a href=\"http:\/\/www.clubenaval.org.br\/\" target=\"_blank\" rel=\"noopener\">www.clubenaval.org.br<\/a><br \/>\nEndere\u00e7o: 5\u00ba andar da Sede Social \u2013 Av. Rio Branco, 180, Centro \u2013 Rio de Janeiro \u2013 RJ<\/p>\n<p class=\"rtejustify\">Fonte: Defesa em Foco<\/p>\n<\/div>\n","protected":false},"excerpt":{"rendered":"<p>Dos mares extra\u00edmos cerca de 95% do petr\u00f3leo, 80% do g\u00e1s natural e 45% do pescado produzidos no Pa\u00eds. Pelas rotas mar\u00edtimas escoamos mais de&#8230;<\/p>\n","protected":false},"author":1527,"featured_media":40890,"comment_status":"closed","ping_status":"closed","sticky":false,"template":"","format":"standard","meta":{"footnotes":""},"categories":[6],"tags":[],"class_list":["post-40889","post","type-post","status-publish","format-standard","has-post-thumbnail","hentry","category-noticias"],"_links":{"self":[{"href":"https:\/\/www.sincomam.org.br\/index.php\/wp-json\/wp\/v2\/posts\/40889","targetHints":{"allow":["GET"]}}],"collection":[{"href":"https:\/\/www.sincomam.org.br\/index.php\/wp-json\/wp\/v2\/posts"}],"about":[{"href":"https:\/\/www.sincomam.org.br\/index.php\/wp-json\/wp\/v2\/types\/post"}],"author":[{"embeddable":true,"href":"https:\/\/www.sincomam.org.br\/index.php\/wp-json\/wp\/v2\/users\/1527"}],"replies":[{"embeddable":true,"href":"https:\/\/www.sincomam.org.br\/index.php\/wp-json\/wp\/v2\/comments?post=40889"}],"version-history":[{"count":1,"href":"https:\/\/www.sincomam.org.br\/index.php\/wp-json\/wp\/v2\/posts\/40889\/revisions"}],"predecessor-version":[{"id":40891,"href":"https:\/\/www.sincomam.org.br\/index.php\/wp-json\/wp\/v2\/posts\/40889\/revisions\/40891"}],"wp:featuredmedia":[{"embeddable":true,"href":"https:\/\/www.sincomam.org.br\/index.php\/wp-json\/wp\/v2\/media\/40890"}],"wp:attachment":[{"href":"https:\/\/www.sincomam.org.br\/index.php\/wp-json\/wp\/v2\/media?parent=40889"}],"wp:term":[{"taxonomy":"category","embeddable":true,"href":"https:\/\/www.sincomam.org.br\/index.php\/wp-json\/wp\/v2\/categories?post=40889"},{"taxonomy":"post_tag","embeddable":true,"href":"https:\/\/www.sincomam.org.br\/index.php\/wp-json\/wp\/v2\/tags?post=40889"}],"curies":[{"name":"wp","href":"https:\/\/api.w.org\/{rel}","templated":true}]}}