{"id":40886,"date":"2022-08-16T08:51:27","date_gmt":"2022-08-16T11:51:27","guid":{"rendered":"http:\/\/www.sincomam.org.br\/?p=40886"},"modified":"2022-08-16T08:56:43","modified_gmt":"2022-08-16T11:56:43","slug":"tcp-bate-recorde-de-movimentacao-de-conteineres-no-terminal","status":"publish","type":"post","link":"https:\/\/www.sincomam.org.br\/index.php\/tcp-bate-recorde-de-movimentacao-de-conteineres-no-terminal\/","title":{"rendered":"TCP bate recorde de movimenta\u00e7\u00e3o de cont\u00eaineres no terminal"},"content":{"rendered":"<p>A TCP, empresa que administra o Terminal de Cont\u00eaineres de Paranagu\u00e1, bateu um novo recorde de movimenta\u00e7\u00e3o. Em julho, foram registrados 111.862 TEUs no terminal, ou seja, 3227 a mais do que em maio, data do \u00faltimo recorde.<\/p>\n<p>De acordo com a gerente de armadores, Carolina Brown, o recorde c\u00e9lere em menos de dois meses \u00e9 resultado dos \u201cesfor\u00e7os conjuntos entre o terminal e demais elos da cadeia, com amplia\u00e7\u00e3o do nosso quadro de funcion\u00e1rios e otimiza\u00e7\u00f5es operacionais. Estas a\u00e7\u00f5es combinadas possibilitam a movimenta\u00e7\u00e3o de um volume maior de cargas com efici\u00eancia, garantindo um servi\u00e7o de excel\u00eancia aos nossos clientes\u201d.<\/p>\n<p>Carnes congeladas permanecem como a principal carga movimentada, sendo 50,2% das exporta\u00e7\u00f5es e 29,3% do total. Apenas no m\u00eas de julho, a TCP movimentou 10.303 cont\u00eaineres refrigerados.<\/p>\n<p>O terminal \u00e9 considerado o principal corredor de exporta\u00e7\u00f5es de frango congelado no mundo (em 2021 foram 1.957.000 toneladas). Este ano j\u00e1 houve um aumento de 9,5% nos 7 primeiros meses do ano, comparado a 2021, com 1.167.000 toneladas.<\/p>\n<p>O investimento pesado na \u00e1rea refrigerada, que ser\u00e1 ampliada em 43% at\u00e9 2023, mostra que os n\u00fameros s\u00f3 tendem a crescer. O terminal ir\u00e1 superar o pr\u00f3prio recorde sul-americano de tomadas: de 3.624 chegar\u00e1 a 5.178 tomadas para energiza\u00e7\u00e3o e armazenamento de cont\u00eaineres.<\/p>\n<p>O transporte ferrovi\u00e1rio ocupa grande parte destes n\u00fameros de movimenta\u00e7\u00e3o. No momento, a TCP movimenta 22% de todos os cont\u00eaineres de exporta\u00e7\u00e3o pela ferrovia. No m\u00eas de julho, foram 17.138 TEUs no total.<\/p>\n<p>Defensivos agr\u00edcolas<\/p>\n<p>O setor qu\u00edmico tamb\u00e9m apresentou aumento. De janeiro a julho de 2021, os dez maiores clientes de defensivos agr\u00edcolas movimentaram 4.790 TEUs, com m\u00e9dia mensal de 684 TEUs. J\u00e1 no mesmo per\u00edodo de 2022, a movimenta\u00e7\u00e3o quase dobrou: foram 9.153 TEUs, chegando a m\u00e9dia mensal de 1.308 TEUs. Isto representa um aumento de 91% na importa\u00e7\u00e3o de defensivos agr\u00edcolas no terminal.<\/p>\n<p>Segundo Giovanni Guidolim, gerente comercial e de atendimento ao cliente, antes da pandemia de COVID-19 o setor agr\u00edcola estava crescendo. No entanto, em 2021, faltou mat\u00e9ria-prima do mercado chin\u00eas e indiano, o que reduziu a importa\u00e7\u00e3o. \u201cEm 2022, prevendo a possibilidade de falta de produtos no mercado novamente, os importadores intensificaram as importa\u00e7\u00f5es de defensivos para antecipar as pr\u00f3ximas safras\u201d, explica.<\/p>\n<p>Setor Automotivo<\/p>\n<p>Outra \u00e1rea destaque no terminal foi o do setor automotivo com aumento de 18,5% de exporta\u00e7\u00e3o no per\u00edodo entre janeiro e julho de 2022, em compara\u00e7\u00e3o ao de 2021. Com o fim da pandemia de COVID-19, aliado aos altos investimentos das montadoras no setor, foram cruciais para a eleva\u00e7\u00e3o das movimenta\u00e7\u00f5es no terminal.<\/p>\n<p>Segundo Giovanni Guidolim, \u201co crescimento no mercado latino-americano &#8212; como Peru, Chile e Col\u00f4mbia &#8212; foram cruciais para o aumento nos n\u00fameros. Al\u00e9m disso, houve uma grande compra de componentes produzidos no Brasil para abastecimento nas linhas de montagem na Am\u00e9rica do Norte &#8212; como nos Estados Unidos e M\u00e9xico. O mesmo acontece na Europa, Su\u00e9cia, Fran\u00e7a, Rom\u00eania e B\u00e9lgica\u201d.<\/p>\n<div class=\"addtoany_container\">Fonte: Portos e Navios<\/div>\n","protected":false},"excerpt":{"rendered":"<p>A TCP, empresa que administra o Terminal de Cont\u00eaineres de Paranagu\u00e1, bateu um novo recorde de movimenta\u00e7\u00e3o. Em julho, foram registrados 111.862 TEUs no terminal,&#8230;<\/p>\n","protected":false},"author":1527,"featured_media":40887,"comment_status":"closed","ping_status":"closed","sticky":false,"template":"","format":"standard","meta":{"footnotes":""},"categories":[6],"tags":[],"class_list":["post-40886","post","type-post","status-publish","format-standard","has-post-thumbnail","hentry","category-noticias"],"_links":{"self":[{"href":"https:\/\/www.sincomam.org.br\/index.php\/wp-json\/wp\/v2\/posts\/40886","targetHints":{"allow":["GET"]}}],"collection":[{"href":"https:\/\/www.sincomam.org.br\/index.php\/wp-json\/wp\/v2\/posts"}],"about":[{"href":"https:\/\/www.sincomam.org.br\/index.php\/wp-json\/wp\/v2\/types\/post"}],"author":[{"embeddable":true,"href":"https:\/\/www.sincomam.org.br\/index.php\/wp-json\/wp\/v2\/users\/1527"}],"replies":[{"embeddable":true,"href":"https:\/\/www.sincomam.org.br\/index.php\/wp-json\/wp\/v2\/comments?post=40886"}],"version-history":[{"count":1,"href":"https:\/\/www.sincomam.org.br\/index.php\/wp-json\/wp\/v2\/posts\/40886\/revisions"}],"predecessor-version":[{"id":40888,"href":"https:\/\/www.sincomam.org.br\/index.php\/wp-json\/wp\/v2\/posts\/40886\/revisions\/40888"}],"wp:featuredmedia":[{"embeddable":true,"href":"https:\/\/www.sincomam.org.br\/index.php\/wp-json\/wp\/v2\/media\/40887"}],"wp:attachment":[{"href":"https:\/\/www.sincomam.org.br\/index.php\/wp-json\/wp\/v2\/media?parent=40886"}],"wp:term":[{"taxonomy":"category","embeddable":true,"href":"https:\/\/www.sincomam.org.br\/index.php\/wp-json\/wp\/v2\/categories?post=40886"},{"taxonomy":"post_tag","embeddable":true,"href":"https:\/\/www.sincomam.org.br\/index.php\/wp-json\/wp\/v2\/tags?post=40886"}],"curies":[{"name":"wp","href":"https:\/\/api.w.org\/{rel}","templated":true}]}}