{"id":40876,"date":"2022-08-15T09:50:51","date_gmt":"2022-08-15T12:50:51","guid":{"rendered":"http:\/\/www.sincomam.org.br\/?p=40876"},"modified":"2022-08-15T09:50:51","modified_gmt":"2022-08-15T12:50:51","slug":"com-previsao-de-gerar-novos-empregos-governo-do-rn-comeca-obras-do-porto-em-caicara-do-norte","status":"publish","type":"post","link":"https:\/\/www.sincomam.org.br\/index.php\/com-previsao-de-gerar-novos-empregos-governo-do-rn-comeca-obras-do-porto-em-caicara-do-norte\/","title":{"rendered":"Com previs\u00e3o de gerar novos empregos, governo do RN come\u00e7a obras do Porto em Cai\u00e7ara do Norte"},"content":{"rendered":"<p>O local previsto para receber o Porto Ind\u00fastria Multiprop\u00f3sito Offshore do RN est\u00e1 situado no Litoral Norte, entre os munic\u00edpios de Cai\u00e7ara do Norte e S\u00e3o Bento do Norte, a cerca de 160 km de Natal. Outras \u00e1reas dos munic\u00edpios de Porto do Mangue, Natal e Touros tamb\u00e9m est\u00e3o entre as selecionadas, mas a defini\u00e7\u00e3o considerou a viabilidade ambiental, t\u00e9cnica e tamb\u00e9m econ\u00f4mica das regi\u00f5es. O Porto Ind\u00fastria \u00e9 necess\u00e1rio para a explora\u00e7\u00e3o de\u00a0energia e\u00f3lica offshore\u00a0e exporta\u00e7\u00e3o de outros produtos. Nas estimativas animadoras da Secretaria Estadual de Desenvolvimento Econ\u00f4mico, ser\u00e1 poss\u00edvel come\u00e7ar as obras j\u00e1 no pr\u00f3ximo ano, gerando milhares de empregos.<\/p>\n<p>O pr\u00f3ximo passo, de acordo com S\u00edlvio Torquato, secret\u00e1rio de Desenvolvimento Econ\u00f4mico, \u00e9 avan\u00e7ar com os estudos da \u00e1rea escolhida com foco em iniciar o processo de licenciamento j\u00e1 no pr\u00f3ximo ano, com as f\u00edsicas tendo in\u00edcio apenas em 2024 e conclu\u00eddas em 5 anos.<\/p>\n<p>Os estudos continuar\u00e3o a cargo da UFRN. De acordo com o secret\u00e1rio, no pr\u00f3ximo ano, ser\u00e1 poss\u00edvel trabalhar em paralelo \u00e0 chamada p\u00fablica, que pode demandar uma nova documenta\u00e7\u00e3o. Ser\u00e1 providenciada pelo governo do RN a documenta\u00e7\u00e3o legal para encaminhar \u00e0 Secretaria dos Portos e seguir com o processo de licenciamento ambiental do\u00a0<strong>Porto Ind\u00fastria<\/strong>. Sendo assim, ficar\u00e1 tudo preparado para a PPP, que j\u00e1 possui lei, mas precisa ser atualizada.<\/p>\n<p>O Governo do RN deve buscar investimentos de R$ 6 bilh\u00f5es para a instala\u00e7\u00e3o do Porto Ind\u00fastria sem disponibilizar um fundo garantidor \u00e0s empresas interessadas em oper\u00e1-lo. O secret\u00e1rio afirma que todas as empresas que vierem para a chamada p\u00fablica devem estar cientes. Geralmente, o tempo de retorno do capital para este tipo de projeto \u00e9 de 35 anos, podendo chegar a 70. Mas a estimativa do empreendimento no RN \u00e9 de que\u00a0<strong>isso aconte\u00e7a em 12 anos.<\/strong><\/p>\n<p>O governo do RN j\u00e1 assinou protocolos de inten\u00e7\u00f5es com algumas empresas interessadas em investir na constru\u00e7\u00e3o do Porto Ind\u00fastria, que deve gerar 25 mil empregos. \u00c9 o caso das Chinesas CCCC e Spic, e tamb\u00e9m da dinamarquesa\u00a0Vestas.<\/p>\n<p>Torquato afirma que 8 empresas j\u00e1 realizaram o pedido de licenciamento no\u00a0IBAMA, interessadas em gerar energia e\u00f3lica offshore no setor do porto multiprop\u00f3sito. As empresas poder\u00e3o, por exemplo, possuir seus aerogeradores fabricados na retro\u00e1rea do empreendimento.<\/p>\n<p>Para chegar a uma defini\u00e7\u00e3o sobre o local do porto-ind\u00fastria, o Governo do RN contratou estudos t\u00e9cnicos, realizados pela Universidade Federal do Rio Grande do Norte, por meio da Funda\u00e7\u00e3o Norte-Rio-Grandense de Pesquisa e Cultura (Funpec). O diagn\u00f3stico estima um EVTEA para o porto Ind\u00fastria.<\/p>\n<h2>Empreendimento ter\u00e1 13 mil hectares<\/h2>\n<p>Segundo o titular da Sedec, S\u00edlvio Torquato, para a constru\u00e7\u00e3o desse novo porto, ser\u00e1 necess\u00e1ria uma retro\u00e1rea de 13 mil hectares, de forma a gerar o menor impacto poss\u00edvel ao ambiente, e que n\u00e3o seja necess\u00e1rio desapropriar \u00e1reas, processo que costuma demandar tempo.<\/p>\n<p>Um dos pontos analisados foi a quest\u00e3o da \u00e1rea dispon\u00edvel, sem grandes riscos de problemas ambientais, assentamentos e problemas de invas\u00f5es.<\/p>\n<p>Em Porto do Mangue, a falha geol\u00f3gica \u00e9 excelente, mas as Dunas do Rosado formam uma \u00c1rea de Prote\u00e7\u00e3o Ambiental e isso pode gerar futuros problemas. J\u00e1 Touros \u00e9 um munic\u00edpio mais focado no turismo e seria caro desapropriar \u00e1reas.<\/p>\n<p>Fonte: Click Petr\u00f3leo e G\u00e1s<\/p>\n","protected":false},"excerpt":{"rendered":"<p>O local previsto para receber o Porto Ind\u00fastria Multiprop\u00f3sito Offshore do RN est\u00e1 situado no Litoral Norte, entre os munic\u00edpios de Cai\u00e7ara do Norte e&#8230;<\/p>\n","protected":false},"author":1527,"featured_media":40878,"comment_status":"closed","ping_status":"closed","sticky":false,"template":"","format":"standard","meta":{"footnotes":""},"categories":[6],"tags":[],"class_list":["post-40876","post","type-post","status-publish","format-standard","has-post-thumbnail","hentry","category-noticias"],"_links":{"self":[{"href":"https:\/\/www.sincomam.org.br\/index.php\/wp-json\/wp\/v2\/posts\/40876","targetHints":{"allow":["GET"]}}],"collection":[{"href":"https:\/\/www.sincomam.org.br\/index.php\/wp-json\/wp\/v2\/posts"}],"about":[{"href":"https:\/\/www.sincomam.org.br\/index.php\/wp-json\/wp\/v2\/types\/post"}],"author":[{"embeddable":true,"href":"https:\/\/www.sincomam.org.br\/index.php\/wp-json\/wp\/v2\/users\/1527"}],"replies":[{"embeddable":true,"href":"https:\/\/www.sincomam.org.br\/index.php\/wp-json\/wp\/v2\/comments?post=40876"}],"version-history":[{"count":2,"href":"https:\/\/www.sincomam.org.br\/index.php\/wp-json\/wp\/v2\/posts\/40876\/revisions"}],"predecessor-version":[{"id":40879,"href":"https:\/\/www.sincomam.org.br\/index.php\/wp-json\/wp\/v2\/posts\/40876\/revisions\/40879"}],"wp:featuredmedia":[{"embeddable":true,"href":"https:\/\/www.sincomam.org.br\/index.php\/wp-json\/wp\/v2\/media\/40878"}],"wp:attachment":[{"href":"https:\/\/www.sincomam.org.br\/index.php\/wp-json\/wp\/v2\/media?parent=40876"}],"wp:term":[{"taxonomy":"category","embeddable":true,"href":"https:\/\/www.sincomam.org.br\/index.php\/wp-json\/wp\/v2\/categories?post=40876"},{"taxonomy":"post_tag","embeddable":true,"href":"https:\/\/www.sincomam.org.br\/index.php\/wp-json\/wp\/v2\/tags?post=40876"}],"curies":[{"name":"wp","href":"https:\/\/api.w.org\/{rel}","templated":true}]}}