{"id":40873,"date":"2022-08-15T09:36:46","date_gmt":"2022-08-15T12:36:46","guid":{"rendered":"http:\/\/www.sincomam.org.br\/?p=40873"},"modified":"2022-08-15T10:08:02","modified_gmt":"2022-08-15T13:08:02","slug":"suape-apresenta-hub-de-hidrogenio-verde-para-pesquisadores-da-escola-politecnica-de-pernambuco","status":"publish","type":"post","link":"https:\/\/www.sincomam.org.br\/index.php\/suape-apresenta-hub-de-hidrogenio-verde-para-pesquisadores-da-escola-politecnica-de-pernambuco\/","title":{"rendered":"SUAPE APRESENTA HUB DE HIDROG\u00caNIO VERDE PARA PESQUISADORES DA ESCOLA POLIT\u00c9CNICA DE PERNAMBUCO"},"content":{"rendered":"<p>As iniciativas pioneiras do Complexo Industrial Portu\u00e1rio de Suape para produ\u00e7\u00e3o de energia limpa v\u00eam chamando, cada vez mais, a aten\u00e7\u00e3o de estudiosos e pesquisadores da \u00e1rea. Na pr\u00f3xima segunda-feira (15), a estatal portu\u00e1ria participa do evento \u201cHidrog\u00eanio: a onda verde\u201d, promovido pela coordena\u00e7\u00e3o do curso de engenharia da Escola Polit\u00e9cnica de Pernambuco (Poli\/UPE). Na ocasi\u00e3o, o diretor de Meio Ambiente e Sustentabilidade de Suape, Carlos Cavalcanti, apresentar\u00e1 \u00e0 academia o projeto Tech Hub H2V, lan\u00e7ado, recentemente, com o objetivo de transformar o complexo em um laborat\u00f3rio vivo de pesquisa, desenvolvimento e inova\u00e7\u00e3o com foco no combust\u00edvel sustent\u00e1vel.<\/p>\n<p>Segundo o\u00a0fundador e coordenador do Laborat\u00f3rio de Combust\u00edveis e Energia da Universidade de Pernambuco, S\u00e9rgio Peres, o evento \u00e9 o primeiro de uma s\u00e9rie de atividades planejadas pela institui\u00e7\u00e3o de ensino para ampliar o debate sobre combust\u00edveis sustent\u00e1veis e a sua futura produ\u00e7\u00e3o em Pernambuco. \u201cAproveitamos o momento do lan\u00e7amento inovador do Hub de Hidrog\u00eanio em Suape para trazer esse tema para o meio acad\u00eamico e divulgar as pesquisas que estamos desenvolvendo na \u00e1rea\u201d, explica.<\/p>\n<p>Para Carlos Cavalcanti, o debate \u00e9 uma \u00f3tima oportunidade para o Complexo de Suape se alinhar ainda mais com a academia. \u201cPrecisamos sempre avan\u00e7ar em pesquisas e essa \u00e9 mais uma semente que estamos plantando para refor\u00e7ar a parceria com a universidade. Ter a academia ao nosso lado \u00e9 fundamental para impulsionar o projeto piloto para produ\u00e7\u00e3o de hidrog\u00eanio verde no complexo\u201d, pontua.<\/p>\n<p>A programa\u00e7\u00e3o tamb\u00e9m vai abordar temas como formas de produ\u00e7\u00e3o de hidrog\u00eanio, carater\u00edsticas do produto, uso energ\u00e9tico e como mat\u00e9ria-prima. Estar\u00e3o presentes no debate o professor adjunto da Poli\/UPE Eduardo Loureiro\u00a0\u00a0e o diretor do escrit\u00f3rio da Fraunhofer no Brasil, Rodrigo Pastl. Ele representa uma organiza\u00e7\u00e3o alem\u00e3 que desenvolve pesquisas focadas em tecnologias de relev\u00e2ncia para o futuro.<\/p>\n<p>O \u201cHidrog\u00eanio: a onda verde\u201d acontece a partir das 18h, no audit\u00f3rio da Escola T\u00e9cnica Joseph Mesel, localizadaa na Rua Benfica, 455, Madalena, na Zona Oeste do Recife. Para participar, os interessados devem fazer a inscri\u00e7\u00e3o (gratuita) pelo link:<a href=\"http:\/\/encurtador.com.br\/dLMR4\" target=\"_blank\" rel=\"noopener\" data-saferedirecturl=\"https:\/\/www.google.com\/url?q=http:\/\/encurtador.com.br\/dLMR4&amp;source=gmail&amp;ust=1660407242188000&amp;usg=AOvVaw3hrrLHsD2tRCOYpovghcnL\">encurtador.com.br\/dLMR4<\/a>. O n\u00famero de vagas \u00e9 limitado.<\/p>\n<p>Fonte: Informativo dos Portos<\/p>\n","protected":false},"excerpt":{"rendered":"<p>As iniciativas pioneiras do Complexo Industrial Portu\u00e1rio de Suape para produ\u00e7\u00e3o de energia limpa v\u00eam chamando, cada vez mais, a aten\u00e7\u00e3o de estudiosos e pesquisadores&#8230;<\/p>\n","protected":false},"author":1527,"featured_media":37496,"comment_status":"closed","ping_status":"closed","sticky":false,"template":"","format":"standard","meta":{"footnotes":""},"categories":[6],"tags":[],"class_list":["post-40873","post","type-post","status-publish","format-standard","has-post-thumbnail","hentry","category-noticias"],"_links":{"self":[{"href":"https:\/\/www.sincomam.org.br\/index.php\/wp-json\/wp\/v2\/posts\/40873","targetHints":{"allow":["GET"]}}],"collection":[{"href":"https:\/\/www.sincomam.org.br\/index.php\/wp-json\/wp\/v2\/posts"}],"about":[{"href":"https:\/\/www.sincomam.org.br\/index.php\/wp-json\/wp\/v2\/types\/post"}],"author":[{"embeddable":true,"href":"https:\/\/www.sincomam.org.br\/index.php\/wp-json\/wp\/v2\/users\/1527"}],"replies":[{"embeddable":true,"href":"https:\/\/www.sincomam.org.br\/index.php\/wp-json\/wp\/v2\/comments?post=40873"}],"version-history":[{"count":1,"href":"https:\/\/www.sincomam.org.br\/index.php\/wp-json\/wp\/v2\/posts\/40873\/revisions"}],"predecessor-version":[{"id":40875,"href":"https:\/\/www.sincomam.org.br\/index.php\/wp-json\/wp\/v2\/posts\/40873\/revisions\/40875"}],"wp:featuredmedia":[{"embeddable":true,"href":"https:\/\/www.sincomam.org.br\/index.php\/wp-json\/wp\/v2\/media\/37496"}],"wp:attachment":[{"href":"https:\/\/www.sincomam.org.br\/index.php\/wp-json\/wp\/v2\/media?parent=40873"}],"wp:term":[{"taxonomy":"category","embeddable":true,"href":"https:\/\/www.sincomam.org.br\/index.php\/wp-json\/wp\/v2\/categories?post=40873"},{"taxonomy":"post_tag","embeddable":true,"href":"https:\/\/www.sincomam.org.br\/index.php\/wp-json\/wp\/v2\/tags?post=40873"}],"curies":[{"name":"wp","href":"https:\/\/api.w.org\/{rel}","templated":true}]}}