{"id":40868,"date":"2022-08-15T09:33:12","date_gmt":"2022-08-15T12:33:12","guid":{"rendered":"http:\/\/www.sincomam.org.br\/?p=40868"},"modified":"2022-08-15T09:34:05","modified_gmt":"2022-08-15T12:34:05","slug":"navio-veleiro-cisne-branco-recebe-cerca-de-5-000-visitantes-em-belem-pa","status":"publish","type":"post","link":"https:\/\/www.sincomam.org.br\/index.php\/navio-veleiro-cisne-branco-recebe-cerca-de-5-000-visitantes-em-belem-pa\/","title":{"rendered":"Navio-Veleiro \u201cCisne Branco\u201d recebe cerca de 5.000 visitantes em Bel\u00e9m (PA)"},"content":{"rendered":"<p>Durante visita a Bel\u00e9m (PA), o Navio-Veleiro \u201cCisne Branco\u201d cumpriu extensa programa\u00e7\u00e3o, que incluiu visita\u00e7\u00e3o p\u00fablica e visita\u00e7\u00e3o guiada com a presen\u00e7a de 4.930 pessoas, nos dias 7 e 8 de agosto. A programa\u00e7\u00e3o fez parte das comemora\u00e7\u00f5es da Marinha pelo Bicenten\u00e1rio da Independ\u00eancia do Brasil.<\/p>\n<p>Durante visita\u00e7\u00e3o p\u00fablica, que ocorreu no dia 7 de agosto, os visitantes conheceram um importante navio da Marinha e as tradi\u00e7\u00f5es navais, estreitando o relacionamento da For\u00e7a com a sociedade.<\/p>\n<p>No dia 8 de agosto, o navio recebeu um grupo de idosos do Projeto \u201cEnvelhecer\u201d, do Abrigo do Marinheiro; Grupo de Escoteiros do Mar; alunos da Escola Estadual Almirante Renato Guillobel; e membros da Seccional Bel\u00e9m das Volunt\u00e1rias Cisne Branco. \u201cHoje, como volunt\u00e1ria, tive a imensa satisfa\u00e7\u00e3o de conhecer o bel\u00edssimo Navio-Veleiro \u2018Cisne Branco\u2019. Foi um passeio perfeito em que pude conhecer as suas depend\u00eancias, um pouco da nossa hist\u00f3ria de navega\u00e7\u00e3o, entre outras curiosidades a seu respeito\u201d, ressaltou a Volunt\u00e1ria Juliete Anjos.<\/p>\n<p>Tamb\u00e9m no dia 8 de agosto, 21 alunos da Escola de Oficiais da Marinha Mercante (EFOMM), do Centro de Instru\u00e7\u00e3o Almirante Braz de Aguiar (CIABA), visitaram o Navio-veleiro, conheceram sua hist\u00f3ria e compartimentos, como biblioteca, alojamentos, c\u00e2mara do comandante e pra\u00e7a de m\u00e1quinas. Os alunos tiveram uma breve instru\u00e7\u00e3o de navega\u00e7\u00e3o, al\u00e9m da oportunidade de realizar a tradicional subida nos mastros, onde ficam envergadas as velas do navio.<\/p>\n<p>Fonte: Defesa A\u00e9rea e Naval<\/p>\n","protected":false},"excerpt":{"rendered":"<p>Durante visita a Bel\u00e9m (PA), o Navio-Veleiro \u201cCisne Branco\u201d cumpriu extensa programa\u00e7\u00e3o, que incluiu visita\u00e7\u00e3o p\u00fablica e visita\u00e7\u00e3o guiada com a presen\u00e7a de 4.930 pessoas,&#8230;<\/p>\n","protected":false},"author":1527,"featured_media":40869,"comment_status":"closed","ping_status":"closed","sticky":false,"template":"","format":"standard","meta":{"footnotes":""},"categories":[6],"tags":[],"class_list":["post-40868","post","type-post","status-publish","format-standard","has-post-thumbnail","hentry","category-noticias"],"_links":{"self":[{"href":"https:\/\/www.sincomam.org.br\/index.php\/wp-json\/wp\/v2\/posts\/40868","targetHints":{"allow":["GET"]}}],"collection":[{"href":"https:\/\/www.sincomam.org.br\/index.php\/wp-json\/wp\/v2\/posts"}],"about":[{"href":"https:\/\/www.sincomam.org.br\/index.php\/wp-json\/wp\/v2\/types\/post"}],"author":[{"embeddable":true,"href":"https:\/\/www.sincomam.org.br\/index.php\/wp-json\/wp\/v2\/users\/1527"}],"replies":[{"embeddable":true,"href":"https:\/\/www.sincomam.org.br\/index.php\/wp-json\/wp\/v2\/comments?post=40868"}],"version-history":[{"count":3,"href":"https:\/\/www.sincomam.org.br\/index.php\/wp-json\/wp\/v2\/posts\/40868\/revisions"}],"predecessor-version":[{"id":40872,"href":"https:\/\/www.sincomam.org.br\/index.php\/wp-json\/wp\/v2\/posts\/40868\/revisions\/40872"}],"wp:featuredmedia":[{"embeddable":true,"href":"https:\/\/www.sincomam.org.br\/index.php\/wp-json\/wp\/v2\/media\/40869"}],"wp:attachment":[{"href":"https:\/\/www.sincomam.org.br\/index.php\/wp-json\/wp\/v2\/media?parent=40868"}],"wp:term":[{"taxonomy":"category","embeddable":true,"href":"https:\/\/www.sincomam.org.br\/index.php\/wp-json\/wp\/v2\/categories?post=40868"},{"taxonomy":"post_tag","embeddable":true,"href":"https:\/\/www.sincomam.org.br\/index.php\/wp-json\/wp\/v2\/tags?post=40868"}],"curies":[{"name":"wp","href":"https:\/\/api.w.org\/{rel}","templated":true}]}}