{"id":40851,"date":"2022-08-12T09:53:53","date_gmt":"2022-08-12T12:53:53","guid":{"rendered":"http:\/\/www.sincomam.org.br\/?p=40851"},"modified":"2022-08-12T09:53:53","modified_gmt":"2022-08-12T12:53:53","slug":"porta-avioes-embaixadas-estrangeiras-sao-acionadas-em-tentativa-de-trazer-navio-de-volta-ao-brasil","status":"publish","type":"post","link":"https:\/\/www.sincomam.org.br\/index.php\/porta-avioes-embaixadas-estrangeiras-sao-acionadas-em-tentativa-de-trazer-navio-de-volta-ao-brasil\/","title":{"rendered":"Porta-avi\u00f5es: embaixadas estrangeiras s\u00e3o acionadas em tentativa de trazer navio de volta ao Brasil"},"content":{"rendered":"<p>No ano passado, a empresa turca Sok Denizcilik pagou R$10,5 milh\u00f5es em leil\u00e3o pelo porta-avi\u00f5es S\u00e3o Paulo, o maior que o Brasil j\u00e1 teve, e iniciou o transporte do navio na \u00faltima sexta, como mostrou O GLOBO. Na semana passada, cinco grupos que defendem causas ambientais realizaram um protesto na porta da embaixada brasileira na Turquia, e repudiaram a importa\u00e7\u00e3o do porta-avi\u00f5es, por causa da quantidade de amianto e do risco de radioatividade, j\u00e1 que o navio, constru\u00eddo na d\u00e9cada de 60 na Fran\u00e7a, participou de testes nucleares.<\/p>\n<p>Os manifestantes disseram que a chegada doa embarca\u00e7\u00e3o violaria tratados internacionais, como a Conven\u00e7\u00e3o de Basileia, que tratou de regras para exporta\u00e7\u00f5es de amianto, a Conven\u00e7\u00e3o de Barcelona, que versou sobre polui\u00e7\u00e3o no Mar Mediterr\u00e2neo, e o Protocolo Izmir, sobre lixo nuclear. Em resposta, o ministro do Meio Ambiente da Turquia, Murat Kurum, contestou os dados sobre quantidade de amianto que estariam presentes no navio, e disse que o n\u00famero seria de 9.6 toneladas, enquanto manifestantes citavam 900 toneladas.<\/p>\n<p>Embaixadas acionadas<br \/>\nNa \u00faltima sexta (5), um dia ap\u00f3s o in\u00edcio do transporte do porta-avi\u00f5es, o Instituto S\u00e3o Paulo\/Foch, criador de um projeto de museu mar\u00edtimo para o navio, conseguiu uma liminar judicial que ordenava o retorno da embarca\u00e7\u00e3o. Desde o final do ano passado, o instituto briga na justi\u00e7a pela anula\u00e7\u00e3o do leil\u00e3o de 2021, com argumento de irregularidades no edital.<\/p>\n<p>No entanto, a ordem n\u00e3o foi cumprida e o porta-avi\u00f5es deixou o territ\u00f3rio brasileiro na pr\u00f3pria sexta. De acordo com monitoramentos por GPS e AIS (sistema por sat\u00e9lite mais preciso) dispon\u00edveis na internet, o porta-avi\u00f5es ainda est\u00e1 beirando a costa brasileira em dire\u00e7\u00e3o ao norte, mas j\u00e1 ultrapassou o limite da fronteira. Segundo Alex Christo Bahoz, advogado da Cormack Ag\u00eancia Mar\u00edtima, empresa que est\u00e1 em lit\u00edgio com a Sok, a Capitania dos Portos se manifestou no processo, na segunda (9) informando que o navio j\u00e1 estava fora dos limites territoriais, o que impediria maiores a\u00e7\u00f5es. Procurada, a Marinha n\u00e3o se manifestou.<\/p>\n<p>H\u00e1 d\u00favidas sobre o posicionamento exato do porta-avi\u00f5es pois, em v\u00e1rios momentos, sua localiza\u00e7\u00e3o n\u00e3o ficou dispon\u00edvel, o que levantou suspeitas sobre poss\u00edvel desligamento do sistema de rastreamento. Desde segunda, os representantes do Instituto S\u00e3o Paulo\/Foch e da Cormack vem acionando autoridades, brasileiras e internacionais. Al\u00e9m de parlamentares, foram enviados comunicados, sobre a situa\u00e7\u00e3o legal, \u00e0s embaixadas da Turquia, da Holanda e das Ilhas Marshall. Os dois \u00faltimos porque a rebocadora que est\u00e1 realizando o transporte \u00e9 de uma empresa holandesa, mas est\u00e1 registrada nas Ilhas Marshall.<\/p>\n<p>A Interpol tamb\u00e9m foi comunicada, na esperan\u00e7a de haja alguma atua\u00e7\u00e3o quando o porta-avi\u00f5es passar por algum porto.<\/p>\n<p>&#8212; O porta-avi\u00f5es saiu na calada da noite. A situa\u00e7\u00e3o salta aos olhos para quem est\u00e1 acostumado com opera\u00e7\u00f5es de navio, foi totalmente at\u00edpico. Isso tem que ser investigado &#8212; afirmou Bahoz, que diz que as maiores chances de retorno do navio est\u00e3o nas autoridades internacionais. &#8212; Infelizmente, a movimenta\u00e7\u00e3o fora do Brasil \u00e9 mais intensa do que internamente.<\/p>\n<p>Inicialmente contratada para fazer o agenciamento mar\u00edtimo da Sok na opera\u00e7\u00e3o do S\u00e3o Paulo, j\u00e1 que a empresa turca n\u00e3o possui sede no Brasil, a Cormack foi a arrematante do porta-avi\u00f5es, no leil\u00e3o, e depois transferiu a posse para os turcos.<\/p>\n<p>Mas a parceria n\u00e3o terminou bem. No ano passado, a Sok rompeu o contrato entre as partes unilateralmente, o que iniciou o lit\u00edgio. As diverg\u00eancias come\u00e7aram por causa da forma que a empresa turca lidou com o amianto presente na embarca\u00e7\u00e3o. Para exporta\u00e7\u00e3o, \u00e9 necess\u00e1rio, dentre outros fatores, que o amianto &#8211; subst\u00e2ncia banida no Brasil &#8211; seja descartado.<\/p>\n<p>Ap\u00f3s o rompimento, a empresa Ocean Prime firmou parceria com a Sok. Procurada, a Ocean Prime n\u00e3o se manifestou.<\/p>\n<p>Fonte: O Globo<\/p>\n","protected":false},"excerpt":{"rendered":"<p>No ano passado, a empresa turca Sok Denizcilik pagou R$10,5 milh\u00f5es em leil\u00e3o pelo porta-avi\u00f5es S\u00e3o Paulo, o maior que o Brasil j\u00e1 teve, e&#8230;<\/p>\n","protected":false},"author":1527,"featured_media":40852,"comment_status":"closed","ping_status":"closed","sticky":false,"template":"","format":"standard","meta":{"footnotes":""},"categories":[6],"tags":[],"class_list":["post-40851","post","type-post","status-publish","format-standard","has-post-thumbnail","hentry","category-noticias"],"_links":{"self":[{"href":"https:\/\/www.sincomam.org.br\/index.php\/wp-json\/wp\/v2\/posts\/40851","targetHints":{"allow":["GET"]}}],"collection":[{"href":"https:\/\/www.sincomam.org.br\/index.php\/wp-json\/wp\/v2\/posts"}],"about":[{"href":"https:\/\/www.sincomam.org.br\/index.php\/wp-json\/wp\/v2\/types\/post"}],"author":[{"embeddable":true,"href":"https:\/\/www.sincomam.org.br\/index.php\/wp-json\/wp\/v2\/users\/1527"}],"replies":[{"embeddable":true,"href":"https:\/\/www.sincomam.org.br\/index.php\/wp-json\/wp\/v2\/comments?post=40851"}],"version-history":[{"count":1,"href":"https:\/\/www.sincomam.org.br\/index.php\/wp-json\/wp\/v2\/posts\/40851\/revisions"}],"predecessor-version":[{"id":40853,"href":"https:\/\/www.sincomam.org.br\/index.php\/wp-json\/wp\/v2\/posts\/40851\/revisions\/40853"}],"wp:featuredmedia":[{"embeddable":true,"href":"https:\/\/www.sincomam.org.br\/index.php\/wp-json\/wp\/v2\/media\/40852"}],"wp:attachment":[{"href":"https:\/\/www.sincomam.org.br\/index.php\/wp-json\/wp\/v2\/media?parent=40851"}],"wp:term":[{"taxonomy":"category","embeddable":true,"href":"https:\/\/www.sincomam.org.br\/index.php\/wp-json\/wp\/v2\/categories?post=40851"},{"taxonomy":"post_tag","embeddable":true,"href":"https:\/\/www.sincomam.org.br\/index.php\/wp-json\/wp\/v2\/tags?post=40851"}],"curies":[{"name":"wp","href":"https:\/\/api.w.org\/{rel}","templated":true}]}}