{"id":40842,"date":"2022-08-12T09:50:36","date_gmt":"2022-08-12T12:50:36","guid":{"rendered":"http:\/\/www.sincomam.org.br\/?p=40842"},"modified":"2022-08-12T09:50:36","modified_gmt":"2022-08-12T12:50:36","slug":"alianca-apresenta-primeiras-barcacas-oceanicas-de-transporte-de-conteineres-feitas-no-brasil","status":"publish","type":"post","link":"https:\/\/www.sincomam.org.br\/index.php\/alianca-apresenta-primeiras-barcacas-oceanicas-de-transporte-de-conteineres-feitas-no-brasil\/","title":{"rendered":"Alian\u00e7a apresenta primeiras barca\u00e7as oce\u00e2nicas de transporte de cont\u00eaineres feitas no Brasil"},"content":{"rendered":"<p>A Alian\u00e7a Navega\u00e7\u00e3o e Log\u00edstica, operadora log\u00edstica brasileira pertencente ao grupo A.P. Moller-Maersk, est\u00e1 construindo as duas primeiras barca\u00e7as oce\u00e2nicas para transporte de cont\u00eaineres do Brasil. O projeto, que teve in\u00edcio em dezembro de 2021, inclui dois empurradores, que ser\u00e3o constru\u00eddos pelo Estaleiro Rio Maguari, em Bel\u00e9m (PA), com previs\u00e3o de entrega at\u00e9 2024.<\/p>\n<p>As novas barca\u00e7as e empurradores foram especialmente projetados para operar em mar aberto e com capacidade de transporte de 700 TEUs, aproximadamente quatro vezes mais do que as j\u00e1 existentes no Brasil.<\/p>\n<p>Essas barca\u00e7as oce\u00e2nicas de transporte de cont\u00eaineres s\u00e3o as primeiras desse modelo no Brasil. Al\u00e9m disso, seus propulsores estar\u00e3o aptos a serem atualizados para futuramente utilizar combust\u00edveis neutros como metanol.<\/p>\n<p>L\u00edder de mercado brasileiro na ind\u00fastria de barca\u00e7as e rebocadores, o Estaleiro Rio Maguari conta com a participa\u00e7\u00e3o da empresa canadense Robert Allan, que atua no desenvolvimento do projeto das barca\u00e7as junto \u00e0 A.P. Moller-Maersk.<\/p>\n<p>O investimento total da Alian\u00e7a ser\u00e1 de 300 milh\u00f5es de reais. A empresa est\u00e1 utilizando os recursos financeiros da conta vinculada de AFRMM (Adicional de Frete para Renova\u00e7\u00e3o da Marinha Mercante), gerados pela sua opera\u00e7\u00e3o de cabotagem. O projeto teve in\u00edcio em dezembro de 2021 e a constru\u00e7\u00e3o iniciar\u00e1 at\u00e9 o fim deste ano.<\/p>\n<p>A constru\u00e7\u00e3o vai gerar 300 novas oportunidades de emprego na regi\u00e3o, desenvolver\u00e1 novas tecnologias na ind\u00fastria nacional, al\u00e9m de mais 30 vagas para tripulantes, que ser\u00e3o ocupadas quando o projeto for entregue.<\/p>\n<p>Mark Juzwiak, diretor de rela\u00e7\u00f5es institucionais da Alian\u00e7a, diz que tem orgulho em dizer que as constru\u00e7\u00f5es e 100% da tripula\u00e7\u00e3o levar\u00e3o a bandeira brasileira. \u201cA cabotagem \u00e9 uma excelente op\u00e7\u00e3o de modal e a Alian\u00e7a acredita no potencial do mercado brasileiro, por isso continuaremos aumentando nossos investimentos e reafirmando o compromisso com o fortalecimento da log\u00edstica brasileira\u201d.<\/p>\n<p>As embarca\u00e7\u00f5es destinadas \u00e0 navega\u00e7\u00e3o costeira v\u00e3o impulsionar a cabotagem brasileira, atendendo \u00e0 crescente demanda do mercado de modo mais eficiente, diversificando a matriz log\u00edstica e adaptando-se \u00e0s novas necessidades do mercado. A empresa n\u00e3o divulgou em quais rotas ir\u00e1 empregar as embarca\u00e7\u00f5es, mas a Alian\u00e7a garante que trar\u00e1 avan\u00e7os na log\u00edstica do pa\u00eds.<\/p>\n<p>Fonte: Portos e Navios<\/p>\n","protected":false},"excerpt":{"rendered":"<p>A Alian\u00e7a Navega\u00e7\u00e3o e Log\u00edstica, operadora log\u00edstica brasileira pertencente ao grupo A.P. Moller-Maersk, est\u00e1 construindo as duas primeiras barca\u00e7as oce\u00e2nicas para transporte de cont\u00eaineres do&#8230;<\/p>\n","protected":false},"author":1527,"featured_media":40843,"comment_status":"closed","ping_status":"closed","sticky":false,"template":"","format":"standard","meta":{"footnotes":""},"categories":[6],"tags":[],"class_list":["post-40842","post","type-post","status-publish","format-standard","has-post-thumbnail","hentry","category-noticias"],"_links":{"self":[{"href":"https:\/\/www.sincomam.org.br\/index.php\/wp-json\/wp\/v2\/posts\/40842","targetHints":{"allow":["GET"]}}],"collection":[{"href":"https:\/\/www.sincomam.org.br\/index.php\/wp-json\/wp\/v2\/posts"}],"about":[{"href":"https:\/\/www.sincomam.org.br\/index.php\/wp-json\/wp\/v2\/types\/post"}],"author":[{"embeddable":true,"href":"https:\/\/www.sincomam.org.br\/index.php\/wp-json\/wp\/v2\/users\/1527"}],"replies":[{"embeddable":true,"href":"https:\/\/www.sincomam.org.br\/index.php\/wp-json\/wp\/v2\/comments?post=40842"}],"version-history":[{"count":1,"href":"https:\/\/www.sincomam.org.br\/index.php\/wp-json\/wp\/v2\/posts\/40842\/revisions"}],"predecessor-version":[{"id":40844,"href":"https:\/\/www.sincomam.org.br\/index.php\/wp-json\/wp\/v2\/posts\/40842\/revisions\/40844"}],"wp:featuredmedia":[{"embeddable":true,"href":"https:\/\/www.sincomam.org.br\/index.php\/wp-json\/wp\/v2\/media\/40843"}],"wp:attachment":[{"href":"https:\/\/www.sincomam.org.br\/index.php\/wp-json\/wp\/v2\/media?parent=40842"}],"wp:term":[{"taxonomy":"category","embeddable":true,"href":"https:\/\/www.sincomam.org.br\/index.php\/wp-json\/wp\/v2\/categories?post=40842"},{"taxonomy":"post_tag","embeddable":true,"href":"https:\/\/www.sincomam.org.br\/index.php\/wp-json\/wp\/v2\/tags?post=40842"}],"curies":[{"name":"wp","href":"https:\/\/api.w.org\/{rel}","templated":true}]}}